{"id":120213,"date":"2021-07-02T16:59:43","date_gmt":"2021-07-02T20:59:43","guid":{"rendered":"https:\/\/linitiative.ca\/International\/tunisie-photos-lhopital-de-circonstance-de-beja-sera-bientot-operationnel\/"},"modified":"2021-07-02T16:59:43","modified_gmt":"2021-07-02T20:59:43","slug":"tunisie-photos-lhopital-de-circonstance-de-beja-sera-bientot-operationnel","status":"publish","type":"post","link":"https:\/\/linitiative.ca\/International\/tunisie-photos-lhopital-de-circonstance-de-beja-sera-bientot-operationnel\/","title":{"rendered":"Tunisie [PHOTOS] : L\u2019h\u00f4pital de circonstance de B\u00e9ja sera bient\u00f4t op\u00e9rationnel"},"content":{"rendered":"<div>\n<p>Dans une d\u00e9claration au correspondant tunisiennumerique, le Chef de la Commune de B\u00e9ja, Mohamed Yasser Gharbi a affirm\u00e9, a affirm\u00e9 le 02 juillet 2021, l\u2019installation de chambres \u00e0 l\u2019int\u00e9rieur de l\u2019h\u00f4pital de circonstance construit dans la salle couverte de B\u00e9ja, et il est pr\u00e9vu que l\u2019h\u00f4pital de campagne sera op\u00e9rationnel \u00e0 partir de la semaine [\u2026]<\/p>\n<p>L\u2019article <a href=\"https:\/\/www.tunisienumerique.com\/tunisie-photos-lhopital-de-circonstance-de-beja-sera-bientot-operationnel\/\">Tunisie [PHOTOS] : L\u2019h\u00f4pital de circonstance de B\u00e9ja sera bient\u00f4t op\u00e9rationnel<\/a> est apparu en premier sur <a href=\"https:\/\/www.tunisienumerique.com\/\">Tunisie<\/a>.<\/p>\n<\/div>\n<p>Auteur: rania ben slimane<br \/>\n<a href=\"https:\/\/www.tunisienumerique.com\/tunisie-photos-lhopital-de-circonstance-de-beja-sera-bientot-operationnel\/\">Cliquez ici pour lire l&rsquo;article depuis sa source.<\/a><\/p>\n","protected":false},"excerpt":{"rendered":"<p>Dans une d\u00e9claration au correspondant tunisiennumerique, le Chef de la Commune de B\u00e9ja, Mohamed Yasser Gharbi a affirm\u00e9, a affirm\u00e9 le 02 juillet 2021, l\u2019installation de chambres \u00e0 l\u2019int\u00e9rieur de l\u2019h\u00f4pital de circonstance construit dans la salle couverte de B\u00e9ja, et il est pr\u00e9vu que l\u2019h\u00f4pital de campagne sera op\u00e9rationnel \u00e0 partir de la semaine [&hellip;]<\/p>\n","protected":false},"author":1789,"featured_media":0,"comment_status":"closed","ping_status":"closed","sticky":false,"template":"","format":"standard","meta":{"fifu_image_url":"","fifu_image_alt":"","footnotes":""},"categories":[73,55],"tags":[],"class_list":["post-120213","post","type-post","status-publish","format-standard","hentry","category-actualite","category-tunisie"],"_links":{"self":[{"href":"https:\/\/linitiative.ca\/International\/wp-json\/wp\/v2\/posts\/120213","targetHints":{"allow":["GET"]}}],"collection":[{"href":"https:\/\/linitiative.ca\/International\/wp-json\/wp\/v2\/posts"}],"about":[{"href":"https:\/\/linitiative.ca\/International\/wp-json\/wp\/v2\/types\/post"}],"author":[{"embeddable":true,"href":"https:\/\/linitiative.ca\/International\/wp-json\/wp\/v2\/users\/1789"}],"replies":[{"embeddable":true,"href":"https:\/\/linitiative.ca\/International\/wp-json\/wp\/v2\/comments?post=120213"}],"version-history":[{"count":0,"href":"https:\/\/linitiative.ca\/International\/wp-json\/wp\/v2\/posts\/120213\/revisions"}],"wp:attachment":[{"href":"https:\/\/linitiative.ca\/International\/wp-json\/wp\/v2\/media?parent=120213"}],"wp:term":[{"taxonomy":"category","embeddable":true,"href":"https:\/\/linitiative.ca\/International\/wp-json\/wp\/v2\/categories?post=120213"},{"taxonomy":"post_tag","embeddable":true,"href":"https:\/\/linitiative.ca\/International\/wp-json\/wp\/v2\/tags?post=120213"}],"curies":[{"name":"wp","href":"https:\/\/api.w.org\/{rel}","templated":true}]}}