{"id":120215,"date":"2021-07-01T18:06:25","date_gmt":"2021-07-01T22:06:25","guid":{"rendered":"https:\/\/linitiative.ca\/International\/remaniement-ministeriel-des-citoyens-entre-optimisme-et-scepticisme\/"},"modified":"2021-07-01T18:06:25","modified_gmt":"2021-07-01T22:06:25","slug":"remaniement-ministeriel-des-citoyens-entre-optimisme-et-scepticisme","status":"publish","type":"post","link":"https:\/\/linitiative.ca\/International\/remaniement-ministeriel-des-citoyens-entre-optimisme-et-scepticisme\/","title":{"rendered":"Remaniement minist\u00e9riel : Des citoyens entre optimisme et scepticisme"},"content":{"rendered":"<div>\n<p><strong>Le Pr\u00e9sident du Faso, Roch Marc Christian Kabor\u00e9, a effectu\u00e9 un remaniement minist\u00e9riel qui a essentiellement touch\u00e9 les portefeuilles de la D\u00e9fense et de la S\u00e9curit\u00e9. Entre optimisme et scepticisme, des Burkinab\u00e8 appr\u00e9cient cette d\u00e9cision \u00e0 travers le pays.<\/strong><\/p>\n<p><strong>Boukarie Ou\u00e9draogo, pr\u00e9sident de l\u2019Appel de Kaya: \u00ab Nous attendons le ma\u00e7on au pied du mur \u00bb<\/strong><br \/>\n\u00ab Nous avons constat\u00e9 ce remaniement et nous disons et r\u00e9p\u00e9tons que nous ne sommes pas contre un individu. Nous ne souhaitons que la s\u00e9curit\u00e9. Pour le moment, nous ne pouvons pas dire si nous sommes satisfaits ou pas tant que nous ne voyons pas des actions concr\u00e8tes sur le terrain. Il y a eu de nouvelles t\u00eates au niveau des deux minist\u00e8res en charge de la D\u00e9fense et de la S\u00e9curit\u00e9. Seront-elles \u00e0 la hauteur de nos attentes, en mati\u00e8re de s\u00e9curisation des populations et de leurs biens ? Nous \u00e9mettons donc beaucoup de r\u00e9serves et nous attendons le ma\u00e7on au pied du mur. Si \u00e0 l\u2019issue de leurs actions, il n\u2019y a pas de r\u00e9action ou d\u2019am\u00e9lioration, la population les interpellera. Par rapport \u00e0 la manifestation des 3 et 4 juillet prochain, nous sommes toujours en discussion et c\u2019est toujours loin \u00bb.<\/p>\n<hr>\n<p><strong><img decoding=\"async\" loading=\"lazy\" class=\"size-medium wp-image-37181 alignleft\" src=\"https:\/\/linitiative.ca\/International\/wp-content\/uploads\/sites\/23\/2021\/07\/micro-300x261-1.jpg\" alt=\"\" width=\"300\" height=\"261\" srcset=\"https:\/\/linitiative.ca\/International\/wp-content\/uploads\/sites\/23\/2021\/07\/micro-300x261-1.jpg 300w, https:\/\/www.sidwaya.info\/wp-content\/uploads\/2021\/07\/micro-150x131.jpg 150w, https:\/\/www.sidwaya.info\/wp-content\/uploads\/2021\/07\/micro-482x420.jpg 482w, https:\/\/www.sidwaya.info\/wp-content\/uploads\/2021\/07\/micro-534x462.jpg 534w, https:\/\/www.sidwaya.info\/wp-content\/uploads\/2021\/07\/micro.jpg 603w\" sizes=\"auto, (max-width: 300px) 100vw, 300px\">Abdoulaye Ou\u00e9draogo, professeur certifi\u00e9 des lyc\u00e9es et coll\u00e8ges (Kaya) : \u00abMettre de l\u2019ordre dans la coordination des op\u00e9rations\u2008\u00bb<\/strong><\/p>\n<p>\u00ab Nous avons appr\u00e9ci\u00e9 ces changements \u00e0 sa juste valeur dans la mesure o\u00f9 le message de la population lors des marches \u00e9tait clair. Il ne s\u2019agit pas, une fois de plus, de changer les hommes mais de veiller au r\u00e9sultat. Le Pr\u00e9sident du Faso, Roch Marc Christian Kabor\u00e9, en tant que ministre en charge de la d\u00e9fense, ne devrait plus admettre que les \u00e9gos et les corporations prennent le dessus sur la coh\u00e9sion de nos Forces de d\u00e9fense et de s\u00e9curit\u00e9 (FDS). Nous le disons, parce que c\u2019est la deuxi\u00e8me fois, qu\u2019il prend la t\u00eate de ce minist\u00e8re, mais la situation s\u00e9curitaire ne s\u2019est jamais am\u00e9lior\u00e9e. Nous souhaitons donc qu\u2019il puisse secouer s\u00e9rieusement, afin de casser le couloir ou le centre du poil. Le pr\u00e9sident du Faso doit aussi comprendre qu\u2019il y a un s\u00e9rieux probl\u00e8me de coordination des op\u00e9rations. Il faut qu\u2019il mette de l\u2019ordre dans la coordination des op\u00e9rations. Le ministre de la D\u00e9fense doit \u00eatre regardant sur les actions \u00e0 faire sinon les choses n\u2019iront pas dans le sens que le peuple souhaite. Ce remaniement peut-t-il d\u00e9samorcer la manifestation des 3 et 4 juillet prochain ? Je ne pourrai l\u2019affirmer, mais je pense que l\u2019opposition est dans son r\u00f4le de r\u00e9cup\u00e9rer le m\u00e9contentement populaire contre le pouvoir actuel. Que l\u2019opposition sursoit \u00e0 sa marche, parce que le Pr\u00e9sident Roch a acc\u00e9d\u00e9 \u00e0 certaines de leurs exigences. C\u2019est-\u00e0-dire le limogeage des ministres de la S\u00e9curit\u00e9 et de la D\u00e9fense. Mais si elle l\u2019a maintient, c\u2019est logique aussi \u00bb.<\/p>\n<hr>\n<p><strong>Christophe Bonkoungou, imprimeur (Ouagadou-gou): \u00ab C\u2019est l\u2019urgence qui a command\u00e9 le remaniement \u00bb<\/strong><\/p>\n<p>\u00ab C\u2019est l\u2019urgence qui a command\u00e9 le fait que le pr\u00e9sident du Faso ait jug\u00e9 bon de faire ce remaniement. Il appartient \u00e0 ceux qui ont \u00e9t\u00e9 responsabilis\u00e9s aux postes de la D\u00e9fense nationale et de la S\u00e9curit\u00e9 de revoir r\u00e9ellement les choses et surtout d\u2019\u00e9couter le peuple. Les dirigeants ne peuvent pas gouverner sans le peuple. De m\u00eame, le peuple ne peut pas aller de l\u2019avant sans un gouvernement. Les deux font un ensemble et doivent regarder dans la m\u00eame direction et je pense que la situation pourrait s\u2019am\u00e9liorer \u00bb.<\/p>\n<hr>\n<p><strong>Athanase Yaogo, employ\u00e9 de commerce (Ouagadougou) : \u00ab le pr\u00e9sident du Faso doit \u0153uvrer \u00e0 la coh\u00e9sion des FDS \u00bb<\/strong><\/p>\n<p>\u00ab Le chef de l\u2019Etat a \u00e9cout\u00e9 le peuple qui voulait un changement au niveau de la d\u00e9fense nationale et de la s\u00e9curit\u00e9. Sur ce plan, je lui tire mon chapeau. Le fait aussi de prendre en charge lui-m\u00eame la D\u00e9fense nationale et de nommer un militaire comme ministre D\u00e9l\u00e9gu\u00e9 \u00e0 ce poste est une bonne chose. Il y a un adage qui dit que c\u2019est celui qui se trouve dans la maison qui conna\u00eet \u00e0 quel niveau du toit l\u2019eau coule. C\u2019est ce ministre qui va faire tout le travail. Nous demandons au pr\u00e9sident du Faso de faire en sorte que la gendarmerie, la police et les militaires s\u2019entendent. S\u2019il y a une bonne communication entre ces corps, si la hi\u00e9rarchie militaire s\u2019entend, nous pensons que nos Forces de d\u00e9fense et de s\u00e9curit\u00e9 (FDS) peuvent lutter contre le terrorisme. Il faudrait aussi que le pr\u00e9sident se penche sur le sort des Volontaires pour la d\u00e9fense de la patrie (VDP) en leur donnant les moyens n\u00e9cessaires pour combattre les groupes terroristes car ils jouent un r\u00f4le important \u00bb.<\/p>\n<hr>\n<p><strong>Hamado Sawadogo, employ\u00e9 de commerce (Ouagadougou) : \u00ab La situation s\u00e9curitaire peut s\u2019am\u00e9liorer \u00bb<\/strong><\/p>\n<p>\u00ab Nous avons voulu le changement, nous l\u2019avons obtenu. Nous attendons de voir l\u2019\u00e9volution de la situation s\u00e9curitaire dans les jours \u00e0 venir pour appr\u00e9cier. Le nouveau ministre de la S\u00e9curit\u00e9 est un sp\u00e9cialiste en la mati\u00e8re. De m\u00eame le ministre d\u00e9l\u00e9gu\u00e9 \u00e0 la D\u00e9fense nationale est \u00e9galement un expert. Je pense que la situation peut s\u2019am\u00e9liorer. Notre souhait est que la paix revienne au Burkina Faso \u00bb.<\/p>\n<hr>\n<p><strong>Diane Isabel Neya, institutrice dans le Centre-Sud : \u00ab Le changement \u00e9tait n\u00e9cessaire \u00bb<\/strong><\/p>\n<p>\u00ab Le pr\u00e9sident du Faso ne devait pas prendre le poste du ministre de la D\u00e9fense nationale et des Anciens combattants. Il pouvait le confier \u00e0 une personne qualifi\u00e9e. La fonction du pr\u00e9sident du Faso est d\u00e9j\u00e0 une lourde responsabilit\u00e9. Ajouter \u00e0 cette t\u00e2che un deuxi\u00e8me poste sera encore difficile. Le changement \u00e9tait n\u00e9cessaire, car la situation s\u00e9curitaire s\u2019est d\u00e9grad\u00e9e. Les FDS m\u00eame r\u00e9clamaient ce changement. Nous esp\u00e9rons que cela va apporter la paix \u00bb.<\/p>\n<hr>\n<p><strong>Idrissa Gourounga, caissier (Ouagadougou) : \u00ab Le pr\u00e9sident doit poursuivre le nettoyage \u00bb<\/strong><\/p>\n<p>\u00ab Le changement est bien mais cela n\u2019est pas suffisant. Le pr\u00e9sident n\u2019a pas de probl\u00e8me, mais le souci r\u00e9side au niveau de son entourage. Il faut responsabiliser les hommes qu\u2019il faut \u00e0 la place qui sied. De ce fait, il doit poursuivre le nettoyage. Nous avons besoin de paix. Tous ceux qui peuvent apporter leur soutien qu\u2019ils le fassent.<br \/>\nIl faut qu\u2019on taise nos querelles intestines et qu\u2019on se dise la v\u00e9rit\u00e9. Avant, on pouvait voyager \u00e0 4 h du matin sans crainte, mais aujourd\u2019hui nous voyageons la peur au ventre. Les attaques terroristes ont engendr\u00e9 de nombreux orphelins et de veuves. Que deviendront ces enfants ? \u00bb.<\/p>\n<hr>\n<p><strong>Rose Ou\u00e9draogo, agent d\u2019assurance (Ouagadougou) : \u00ab Nous devons \u00eatre vigilants \u00bb<\/strong><\/p>\n<p>\u00ab Il est encore t\u00f4t pour se prononcer sur le remaniement. En mati\u00e8re de s\u00e9curit\u00e9, nous sommes tous concern\u00e9s. Il ne s\u2019agit pas de tout porter sur les \u00e9paules des membres du gouvernement. Nous, en tant que citoyens, nous devons \u00eatre vigilants dans nos localit\u00e9s respectives et relayer les gestes suspects aux autorit\u00e9s comp\u00e9tentes. Nous demandons au gouvernement d\u2019\u00eatre \u00e0 l\u2019\u00e9coute du peuple. Il reste au pr\u00e9sident du Faso, de travailler en tandem avec son ministre d\u00e9l\u00e9gu\u00e9 afin qu\u2019on ait des actes concrets \u00bb.<\/p>\n<hr>\n<p><strong>Kalifa Kabr\u00e9, coordonnateur r\u00e9gional des OSC du Centre-Sud : \u00ab Nous devons attaquer l\u2019ennemi pour le d\u00e9stabiliser\u00bb<\/strong><\/p>\n<p>\u00ab Nous attendions ce remaniement avec impatience. L\u2019attaque de Solhan est venue mettre \u00e0 nue les probl\u00e8mes qui existaient au sein des minist\u00e8res de la D\u00e9fense et de la S\u00e9curit\u00e9. Et depuis lors, nous n\u2019avons de cesse d\u2019interpeller le gouvernement sur la question, parce que nous ne pouvons pas comprendre que malgr\u00e9 la pr\u00e9sence de la base militaire \u00e0 quelques kilom\u00e8tres de Solhan l\u2019attaque ait eu lieu et a fait autant de victimes. Apr\u00e8s ce malheureux \u00e9v\u00e8nement, on sentait aussi une certaine passivit\u00e9 au niveau du gouvernement, parce qu\u2019il a fallu deux semaines pour que le pr\u00e9sident s\u2019adresse \u00e0 la Nation et annonce des mesures fortes. En tant que soci\u00e9t\u00e9 civile nous aurions voulu que cela se fasse d\u00e8s le lendemain. Mais, c\u2019est comme s\u2019il a fallu la pression des OSC, de la presse et de l\u2019opposition pour voir ces annonces. N\u00e9anmoins, nous nous r\u00e9jouissons aujourd\u2019hui de ce remaniement et nous attendons des nouveaux entrants qu\u2019ils travaillent \u00e0 r\u00e9soudre les probl\u00e8mes de gouvernance \u00e0 l\u2019interne puis \u00e0 trouver les moyens n\u00e9cessaires pour \u00e9quiper les diff\u00e9rentes unit\u00e9s d\u2019intervention et les rendre plus op\u00e9rationnelles. Nous attendons aussi d\u2019eux et du gouvernement qu\u2019on change notre strat\u00e9gie d\u2019intervention. Il ne faudrait plus qu\u2019on attende d\u2019\u00eatre attaqu\u00e9 avant de lancer des ripostes ou des ratissages. Il faut aller maintenant \u00e0 l\u2019offensive. Nous devons attaquer l\u2019ennemi pour anticiper ses actions et le d\u00e9stabiliser. Du reste, le pr\u00e9sident du Faso assure maintenant la fonction du ministre de la D\u00e9fense et nous fondons beaucoup d\u2019espoir sur lui, parce qu\u2019il nous a promis de d\u00e9fendre le pays et prot\u00e9ger les Burkinab\u00e8.<br \/>\nNous ne souhaitons pas que ce remaniement soit juste un changement d\u2019individus, mais un changement total du syst\u00e8me\u00bb.<\/p>\n<hr>\n<p><strong>Abdoulaye Ou\u00e9draogo, directeur r\u00e9gional du Centre-Ouest en charge de la solidarit\u00e9 nationale : \u00ab Qu\u2019ils r\u00e9ussissent leur mission \u00bb<\/strong><\/p>\n<p>\u00ab Ce remaniement \u00e9tait attendu par le peuple burkinab\u00e9. La population a demand\u00e9 et elle a \u00e9t\u00e9 servie. Le gouvernement a satisfait ses attentes et nous ne pouvons que souhaiter bon vent aux deux nouveaux ministres, ceux de la D\u00e9fense nationale et des Anciens Combattants ainsi que la S\u00e9curit\u00e9. Nous prions Dieu qu\u2019il leur tende la main, afin qu\u2019ils puissent r\u00e9ussir leur mission pour que la paix revienne au Burkina Faso \u00bb.<\/p>\n<hr>\n<p><strong>Gilbert Tiendreb\u00e9ogo, fonctionnaire (Koudougou)<\/strong><\/p>\n<p>\u00ab Ce remaniement montre que le pr\u00e9sident du Faso est \u00e0 l\u2019\u00e9coute des populations et il est intervenu \u00e0 une p\u00e9riode attendue, au regard des massacres de Solhan et les FDS tomb\u00e9es r\u00e9cemment. L\u2019Etat, jusqu\u2019\u00e0 pr\u00e9sent, ne s\u2019investit pas totalement dans le maillage du territoire national, surtout dans les zones comme le Sahel, le Centre-Nord, le Nord et l\u2019Est, qui sont menac\u00e9es par les attaques terroristes, ce qui justifie la peur et l\u2019inqui\u00e9tude des populations. D\u2019autant plus que ce sont les minist\u00e8res charg\u00e9s de la d\u00e9fense et de la s\u00e9curit\u00e9 qui sont charg\u00e9s du maintien de la s\u00e9curit\u00e9 des populations, elles ne peuvent qu\u2019attribuer la faute \u00e0 ces deux structures. Tuer plus de 100 personnes dans un pays, laisse vraiment \u00e0 r\u00e9fl\u00e9chir et le pr\u00e9sident Roch Kabor\u00e9 a bien fait de r\u00e9ajuster son gouvernement. Nous pensons qu\u2019un militaire comme ministre d\u00e9l\u00e9gu\u00e9, c\u2019est d\u00e9j\u00e0 bon, parce que lui-m\u00eame \u00e9tant du corps, cela peut \u00eatre un apport tr\u00e8s utile pour les FDS. En plus du maillage du territoire, il y a la question des \u00e9quipements des FDS, qui ne leur permettent pas d\u2019agir cons\u00e9quemment. Nous avons comme l\u2019impression que les forces du mal sont mieux \u00e9quip\u00e9es que nos FDS. Il y a aussi les VDP qui ont besoin d\u2019\u00e9quipement en armes, pour assurer la protection de leurs villages. Il ne suffit pas de changer seulement de ministres et ignorer les r\u00e9alit\u00e9s que vivent ces deux entit\u00e9s sur le terrain. Il faut reconna\u00eetre qu\u2019il y a \u00e9galement des failles au niveau des renseignements, puisqu\u2019on n\u2019arrive pas \u00e0 surveiller les mouvements des terroristes. Nous ne pouvons pas comprendre que la population alerte lorsqu\u2019elle est en danger et qu\u2019il n\u2019y ait pas de r\u00e9action imm\u00e9diate des FDS. Nous ne pouvons pas comprendre non plus, que les terroristes s\u2019attaquent maintenant aux populations. Il faut que des solutions idoines soient trouv\u00e9es. Nous avons tous peur, car nous ne savons pas \u00e0 qui sera le tour demain ? \u00bb.<\/p>\n<hr>\n<p><strong>Nouhoun Ma\u00efga, fonctionnaire au Baz\u00e8ga : \u00ab Il nous faut un ministre plein pour la d\u00e9fense \u00bb<\/strong><br \/>\n\u00ab Nous sommes assez satisfaits de ce remaniement, parce que le d\u00e9part des ministres en charge de la s\u00e9curit\u00e9 et de la d\u00e9fense avait \u00e9t\u00e9 souhait\u00e9 par les populations. Mais j\u2019ai constat\u00e9 que le Pr\u00e9sident du Faso s\u2019est octroy\u00e9 la d\u00e9fense et je trouve que c\u2019est un peu trop de cumuler cette fonction avec la pr\u00e9sidence. Je crois que sa pr\u00e9sence sur le terrain est souvent n\u00e9cessaire, mais s\u2019il est pris pour d\u2019autres affaires cela peut poser un probl\u00e8me m\u00eame avec la pr\u00e9sence du ministre d\u00e9l\u00e9gu\u00e9. Je pense qu\u2019il aurait d\u00fb nommer un homme de terrain m\u00eame issu de l\u2019arm\u00e9e parce que c\u2019est la situation qui l\u2019exige maintenant. C\u2019est vrai qu\u2019il avait dit qu\u2019il ne nommera pas de militaires mais maintenant nous sommes dans une situation diff\u00e9rente et il nous faut un ministre plein \u00bb.<\/p>\n<hr>\n<p><strong>Hamidou Sawadogo, fonctionnaire : \u00ab Nous les attendons \u00e0 l\u2019\u0153uvre \u00bb<\/strong><\/p>\n<p>\u00ab Pour l\u2019instant, je n\u2019ai pas de commentaire \u00e0 faire, parce qu\u2019un adage de chez nous dit que c\u2019est au pied du mur qu\u2019on reconna\u00eet le vrai ma\u00e7on. Donc, nous les attendons \u00e0 l\u2019\u0153uvre avant de pouvoir appr\u00e9cier. Pour nous, c\u2019est le r\u00e9sultat qui importe. Tout ce que nous d\u00e9sirons, c\u2019est la fin des attaques. Mais personnellement, je crois qu\u2019il faut bien \u00e9quiper nos soldats. On pourrait changer les hommes autant qu\u2019on veut mais si rien n\u2019est fait \u00e0 ce niveau on n\u2019aurait pas \u00e9volu\u00e9 \u00bb.<\/p>\n<hr>\n<p><strong>Zoumana Konat\u00e9, agent \u00e0 la Direction r\u00e9gionale de la culture du Nord : <\/strong><br \/>\n<strong>\u00ab Changer les ministres n\u2019est pas la solution \u00bb<\/strong><\/p>\n<p>\u00ab On attend de voir ce que cette nouvelle \u00e9quipe va donner comme r\u00e9sultat face \u00e0 la situation s\u00e9curitaire. Sinon \u00e0 mon avis, ce n\u2019est pas le changement des hommes qui est important ici mais plut\u00f4t les actions pos\u00e9es et les r\u00e9sultats engrang\u00e9s. Changer les ministres n\u2019est pas s\u00fbr d\u2019\u00eatre la solution, car on les reconna\u00eet que de par le travail accompli. Je pense peut \u00eatre qu\u2019il existe d\u2019autres probl\u00e8mes dont le peuple n\u2019est pas inform\u00e9. Et si on nous donnait la vraie information sur la situation s\u00e9curitaire du pays, peut-\u00eatre que cela va nous permettre de nous calmer \u00bb.<\/p>\n<hr>\n<p><strong>Mariam Traor\u00e9, enseignante (Ouahigouya) : <\/strong><br \/>\n<strong>\u00ab On esp\u00e8re bien que cela puisse porter des r\u00e9sultats positifs \u00bb<\/strong><\/p>\n<p>\u00ab On ne peut que s\u2019en r\u00e9jouir pour le moment, parce qu\u2019on a tous vu et constat\u00e9 qu\u2019\u00e0 un moment donn\u00e9, nos ministres de la S\u00e9curit\u00e9 et de la D\u00e9fense ne r\u00e9pondaient plus aux attentes des populations.<br \/>\nIls ont montr\u00e9 leur incapacit\u00e9 \u00e0 g\u00e9rer la situation s\u00e9curitaire, alors on attendait vraiment un changement. Fort heureusement, on l\u2019a eu et on esp\u00e8re bien que cela puisse porter des r\u00e9sultats positifs \u00bb.<\/p>\n<hr>\n<p><strong>Edwige Balima, coordonnatrice provinciale des Femmes du Boulgou : \u00ab Se mobiliser comme un seul homme \u00bb<\/strong><\/p>\n<p>\u00ab Pour l\u2019instant, je ne connais pas tous les membres du gouvernement qui viennent d\u2019\u00eatre nomm\u00e9s, surtout les nouveaux venus. Mais je crois que ce gouvernement va r\u00e9pondre aux pr\u00e9occupations des Burkinab\u00e8 notamment celles s\u00e9curitaires, surtout que le Pr\u00e9sident du Faso, Roch Marc Christian Kabor\u00e9, a pris en main le poste de ministre de la D\u00e9fense nationale et des Anciens combattants. Je crois que Dieu va nous accompagner et aider le nouveau gouvernement \u00e9galement \u00e0 prendre le dessus sur cette ins\u00e9curit\u00e9 que vit le Burkina Faso ces derni\u00e8res ann\u00e9es. Car, notre objectif commun, c\u2019est la paix, la coh\u00e9sion sociale, le vivre-ensemble dans l\u2019harmonie, etc. J\u2019invite tout le peuple burkinab\u00e8 \u00e0 taire leurs divergences pour se mobiliser comme un seul homme, dans la coh\u00e9sion et l\u2019unit\u00e9 pour soutenir ce gouvernement, afin de combattre notre ennemi commun, le terrorisme avec son corolaire de victimes et milliers de personnes d\u00e9plac\u00e9es internes\u00bb.<\/p>\n<hr>\n<p><strong>Moutala Oubda, commer\u00e7ant (Tenkodogo) : <\/strong><br \/>\n<strong>\u00ab le gouvernement a pris l\u2019affaire du terrorisme au s\u00e9rieux \u00bb<\/strong><\/p>\n<p>\u00ab Nous constatons que le pr\u00e9sident du Faso a pris en main l\u2019affaire de la s\u00e9curit\u00e9 \u00e0 travers le minist\u00e8re de la D\u00e9fense nationale et des Anciens combattants, second\u00e9 par un officier sup\u00e9rieur de l\u2019arm\u00e9e. Je pense que maintenant le gouvernement a pris l\u2019affaire du terrorisme au s\u00e9rieux. Je pense qu\u2019avec l\u2019exp\u00e9rience de cet Officier d\u2019infanterie des Forces arm\u00e9es nationales, le colonel-major Aim\u00e9 Barth\u00e9lemy Simpor\u00e9, qui \u00e9tait attach\u00e9 de d\u00e9fense pr\u00e8s l\u2019ambassade du Burkina Faso \u00e0 Washington aux Etats-Unis d\u2019Am\u00e9rique et nomm\u00e9 ministre d\u00e9l\u00e9gu\u00e9 \u00e0 la D\u00e9fense, on esp\u00e8re gagner du terrain sur le terrorisme\u00bb.<\/p>\n<hr>\n<p><strong>Emmanuel Ouoba, coordonnateur du Mouvement U Gulmu Fi : \u00abNous attendons des solutions au probl\u00e8me de l\u2019ins\u00e9curit\u00e9\u00bb<\/strong><\/p>\n<p>\u00ab Si ce sont des changements d\u2019hommes que les Burkinab\u00e8 voulaient au niveau des d\u00e9partements en charge de la s\u00e9curit\u00e9 et de la d\u00e9fense, je pense qu\u2019ils sont bien servis. Le pr\u00e9sident du Faso a r\u00e9pondu \u00e0 leurs attentes. Mais, \u00e0 mon avis, le plus important pour les populations, c\u2019est de constater un changement au niveau de la situation s\u00e9curitaire, c\u2019est-\u00e0-dire, qu\u2019il y ait v\u00e9ritablement une am\u00e9lioration dans ce secteur. Du reste, ce n\u2019est pas la premi\u00e8re fois que le pr\u00e9sident du Faso s\u2019attribue le portefeuille de la D\u00e9fense. A ce niveau, on ne peut donc pas parler de changement. Nous attendons de lui des solutions idoines aux probl\u00e8mes actuels des Burkinab\u00e8, \u00e0 savoir l\u2019ins\u00e9curit\u00e9. Nous sommes en situation de guerre et le pr\u00e9sident du Faso devra, prioritairement, faire face aux difficult\u00e9s au sein des Forces de d\u00e9fense et de s\u00e9curit\u00e9 (FDS) pour les rendre beaucoup plus op\u00e9rationnelles sur le terrain. Sinon, on aura chang\u00e9 les hommes sans obtenir les r\u00e9sultats escompt\u00e9s \u00bb.<\/p>\n<hr>\n<p><strong>Ramatou Nassouri, Pr\u00e9sidente de la coordination des organisations f\u00e9minines de la province du Gourma : \u00ab On aurait mieux fait de nommer un homme de tenue \u00e0 la t\u00eate de la S\u00e9curit\u00e9 \u00bb<\/strong><\/p>\n<p>\u00ab Nous appr\u00e9cions positivement la d\u00e9cision du remaniement parce qu\u2019il faut reconna\u00eetre que depuis un certain temps, la situation s\u00e9curitaire va de mal en pis. Si le pr\u00e9sident du Faso lui-m\u00eame s\u2019est attribu\u00e9 le minist\u00e8re en charge de la d\u00e9fense, c\u2019est, \u00e0 mon avis, en connaissance de cause. Il est vrai que nous ignorons les raisons qui l\u2019ont pouss\u00e9 \u00e0 prendre cette d\u00e9cision. N\u00e9anmoins, il faut lui faire confiance et attendre de voir. D\u2019ailleurs, il a nomm\u00e9, \u00e0 ses c\u00f4t\u00e9s, un technicien de l\u2019arm\u00e9e qui va certainement le guider. C\u2019est une d\u00e9cision sage et bien r\u00e9fl\u00e9chie de se faire accompagner par un homme de terrain bien exp\u00e9riment\u00e9. Par contre, on aurait mieux fait de nommer un homme de tenue \u00e0 la t\u00eate du minist\u00e8re de la S\u00e9curit\u00e9, vu le contexte dans lequel nous vivons depuis un certain temps. A moins que ce nouveau ministre se fasse accompagner par des techniciens chevronn\u00e9s pour nous sortir de ce bourbier. Par ailleurs, avec ce nouveau remaniement, nous nous retrouvons avec 31,25% de femmes. Ainsi nous constatons cette volont\u00e9 manifeste du chef de l\u2019Etat de prendre en compte la question du quota genre. Pour cela, nous remercions le pr\u00e9sident du Faso et l\u2019invitons \u00e0 continuer dans ce sens \u00bb.<\/p>\n<hr>\n<p><strong>Alassane Ou\u00e9draogo, acteur de la Soci\u00e9t\u00e9 civile \u00e0 Ziniar\u00e9: \u00ab On doit revoir notre strat\u00e9gie de lutte \u00bb<\/strong><\/p>\n<p>\u00ab On constate deux changements majeurs aux minist\u00e8res de la D\u00e9fense et de la S\u00e9curit\u00e9. Ma question est de savoir si notre probl\u00e8me de lutte contre le terrorisme est un probl\u00e8me de personnes. Cela fait 6 ans qu\u2019on est attaqu\u00e9 et qu\u2019on change les ministres. Mais la situation ne s\u2019am\u00e9liore gu\u00e8re. Au-del\u00e0 des personnes, on doit interroger nos strat\u00e9gies militaires qui s\u2019inscrivent dans la vision du pr\u00e9sident du Faso. On doit revoir notre strat\u00e9gie et notre politique de lutte contre le terrorisme et penser au-del\u00e0 des personnes, \u00e0 chaque fois que nous avons des difficult\u00e9s sur le terrain. Si \u00e0 chaque fois nous changeons de personnes et que la situation s\u00e9curitaire ne s\u2019am\u00e9liore pas, il y a lieu de s\u2019interroger sur les strat\u00e9gies mises en \u0153uvre sur le terrain. Au niveau du portefeuille de la d\u00e9fense, j\u2019ai des craintes. D\u2019abord le pr\u00e9sident a d\u00e9j\u00e0 servi \u00e0 ce poste. Aujourd\u2019hui, nous ne pouvons pas faire son bilan. Personne ne peut nous dire le r\u00e9sultat qu\u2019il a eu. S\u2019il est revenu, on se demande ce \u00e0 quoi cela r\u00e9pond. Lui seul peut nous r\u00e9pondre. C\u2019est l\u2019un des pr\u00e9sidents qui voyagent beaucoup. Quel temps aura-t-il pour g\u00e9rer ce minist\u00e8re ? L\u2019autre \u00e9l\u00e9ment est de savoir si sa personne rime avec ce poste. On dit de lui un homme pond\u00e9r\u00e9, mod\u00e9r\u00e9, diplomate. Au niveau de la d\u00e9fense, il faut aller au charbon, commander et avoir de la promptitude. Au niveau de la s\u00e9curit\u00e9, on se dit que le nouveau ministre pourra bien diriger ce secteur. Il a \u00e9t\u00e9 pr\u00e9sident de la commission S\u00e9curit\u00e9 \u00e0 l\u2019Assembl\u00e9e nationale, il s\u2019y conna\u00eet bien \u00bb.<\/p>\n<hr>\n<p><strong>Abdoul Karim Sawadogo, journaliste \u00e0 Ziniar\u00e9 :<\/strong> <strong>\u00ab Le partage d\u2019informations sera fluide \u00bb<\/strong><\/p>\n<p>\u00ab C\u2019est une bonne chose que le pr\u00e9sident du Faso ait pens\u00e9 \u00e0 ce l\u00e9ger remaniement. Je pense qu\u2019il y aurait un regain de confiance au sein de la troupe, parce que c\u2019est un officier de l\u2019arm\u00e9e qui va g\u00e9rer la d\u00e9fense nationale. Il s\u2019y conna\u00eet parce qu\u2019il a fait l\u2019\u00e9cole de guerre.<br \/>\nC\u2019est entre eux militaires. Le partage d\u2019informations et de secrets dit militaires sera plus fluide.<br \/>\nCe qui veut dire qu\u2019il saura travailler avec la hi\u00e9rarchie militaire et ils parleront d\u2019une m\u00eame voie.<br \/>\nOn peut esp\u00e9rer que la situation s\u00e9curitaire va s\u2019am\u00e9liorer. Nous comptons sur le nouveau ministre d\u00e9l\u00e9gu\u00e9 \u00bb.<\/p>\n<hr>\n<p><strong>Sylvain Ou\u00e9draogo, citoyen de D\u00e9dougou : \u00ab Nous nous attendions \u00e0 une d\u00e9cision forte \u00bb<\/strong><\/p>\n<p>\u00ab Le Pr\u00e9sident du Faso n\u2019a fait que d\u00e9placer le probl\u00e8me. Nous nous attendions \u00e0 une d\u00e9cision forte.<br \/>\nEn se nommant lui-m\u00eame, ministre de la D\u00e9fense nationale et des Anciens Combattants et en nommant un ministre d\u00e9l\u00e9gu\u00e9, cela ne fera qu\u2019alourdir les proc\u00e9dures. Il fallait tout simplement un militaire \u00e0 la t\u00eate de la d\u00e9fense, qui pourrait mieux travailler, mieux collaborer avec ses fr\u00e8res d\u2019armes. Cela allait \u00eatre plus pratique. Nous sommes dans une situation d\u2019ins\u00e9curit\u00e9 et les questions de proc\u00e9dures ne doivent pas venir empi\u00e9ter sur les op\u00e9rations des forces arm\u00e9es. Quant au ministre Maxime Kon\u00e9 de la S\u00e9curit\u00e9, je doute fort qu\u2019il ne soit l\u2019homme de la situation. Quand on regarde son curriculum vitae, on dit qu\u2019il a des dipl\u00f4mes en mati\u00e8re de gestion des conflits et de strat\u00e9gie mais la situation est urgente et il faut une r\u00e9ponse aussi urgente. Il ne connaissait pas le minist\u00e8re, il lui faut un peu de temps pour le conna\u00eetre. Mais comme on le dit souvent que le bon ma\u00e7on se reconna\u00eet au pied du mur, on l\u2019attend \u00e0 l\u2019\u0153uvre \u00bb.<\/p>\n<hr>\n<p><strong>Issoufou Traor\u00e9, maire de Nouna : \u00ab Maxime Kon\u00e9 est un homme de d\u00e9fis \u00bb<\/strong><\/p>\n<p>\u00ab On attendait ce nouveau changement. Avant tout, il faut souhaiter plein succ\u00e8s \u00e0 ce gouvernement. Il y va de l\u2019int\u00e9r\u00eat du pays et de la population. Le probl\u00e8me est s\u00e9curitaire et rel\u00e8ve donc du minist\u00e8re de la D\u00e9fense et celui de la S\u00e9curit\u00e9. Le pr\u00e9sident du Faso, en prenant lui-m\u00eame les r\u00eanes de la d\u00e9fense constitue un signal fort.<br \/>\nEn confiant la s\u00e9curit\u00e9 \u00e0 l\u2019ancien ministre d\u00e9l\u00e9gu\u00e9 en charge de la coop\u00e9ration, c\u2019est une bonne chose. Connaissant tr\u00e8s bien Maxime Kon\u00e9, il est un homme de d\u00e9fis et d\u2019actions. C\u2019est l\u2019homme de la situation et nous lui souhaitons plein succ\u00e8s dans sa mission \u00bb.<\/p>\n<p style=\"text-align: right\"><strong>Propos recueillis par la R\u00e9daction<\/strong><\/p>\n<p>L\u2019article <a rel=\"nofollow\" href=\"https:\/\/www.sidwaya.info\/blog\/2021\/07\/01\/remaniement-ministeriel-des-citoyens-entre-optimisme-et-scepticisme\/\">Remaniement minist\u00e9riel : Des citoyens entre optimisme et scepticisme<\/a> est apparu en premier sur <a rel=\"nofollow\" href=\"https:\/\/www.sidwaya.info\/\">Quotidien Sidwaya<\/a>.<\/p>\n<\/div>\n<p>Auteur: JK. Sidwaya<br \/>\n<a href=\"https:\/\/www.sidwaya.info\/blog\/2021\/07\/01\/remaniement-ministeriel-des-citoyens-entre-optimisme-et-scepticisme\/\">Cliquez ici pour lire l&rsquo;article depuis sa source.<\/a><\/p>\n","protected":false},"excerpt":{"rendered":"<p>Le Pr\u00e9sident du Faso, Roch Marc Christian Kabor\u00e9, a effectu\u00e9 un remaniement minist\u00e9riel qui a essentiellement touch\u00e9 les portefeuilles de la D\u00e9fense et de la S\u00e9curit\u00e9. Entre optimisme et scepticisme, des Burkinab\u00e8 appr\u00e9cient cette d\u00e9cision \u00e0 travers le pays. Boukarie Ou\u00e9draogo, pr\u00e9sident de l\u2019Appel de Kaya: \u00ab Nous attendons le ma\u00e7on au pied du mur [&hellip;]<\/p>\n","protected":false},"author":1816,"featured_media":0,"comment_status":"closed","ping_status":"closed","sticky":false,"template":"","format":"standard","meta":{"fifu_image_url":"https:\/\/www.sidwaya.info\/wp-content\/uploads\/2021\/07\/micro-300x261.jpg","fifu_image_alt":"Remaniement minist\u00e9riel : Des citoyens entre optimisme et scepticisme","footnotes":""},"categories":[73,81],"tags":[],"class_list":["post-120215","post","type-post","status-publish","format-standard","hentry","category-actualite","category-burkina-faso"],"_links":{"self":[{"href":"https:\/\/linitiative.ca\/International\/wp-json\/wp\/v2\/posts\/120215","targetHints":{"allow":["GET"]}}],"collection":[{"href":"https:\/\/linitiative.ca\/International\/wp-json\/wp\/v2\/posts"}],"about":[{"href":"https:\/\/linitiative.ca\/International\/wp-json\/wp\/v2\/types\/post"}],"author":[{"embeddable":true,"href":"https:\/\/linitiative.ca\/International\/wp-json\/wp\/v2\/users\/1816"}],"replies":[{"embeddable":true,"href":"https:\/\/linitiative.ca\/International\/wp-json\/wp\/v2\/comments?post=120215"}],"version-history":[{"count":0,"href":"https:\/\/linitiative.ca\/International\/wp-json\/wp\/v2\/posts\/120215\/revisions"}],"wp:attachment":[{"href":"https:\/\/linitiative.ca\/International\/wp-json\/wp\/v2\/media?parent=120215"}],"wp:term":[{"taxonomy":"category","embeddable":true,"href":"https:\/\/linitiative.ca\/International\/wp-json\/wp\/v2\/categories?post=120215"},{"taxonomy":"post_tag","embeddable":true,"href":"https:\/\/linitiative.ca\/International\/wp-json\/wp\/v2\/tags?post=120215"}],"curies":[{"name":"wp","href":"https:\/\/api.w.org\/{rel}","templated":true}]}}