{"id":120218,"date":"2021-07-02T08:05:29","date_gmt":"2021-07-02T12:05:29","guid":{"rendered":"https:\/\/linitiative.ca\/International\/burkina-simon-compaore-estime-que-les-marches-du-cfop-napporteront-rien-dans-la-lutte-contre-le-terrorisme\/"},"modified":"2021-07-02T08:05:29","modified_gmt":"2021-07-02T12:05:29","slug":"burkina-simon-compaore-estime-que-les-marches-du-cfop-napporteront-rien-dans-la-lutte-contre-le-terrorisme","status":"publish","type":"post","link":"https:\/\/linitiative.ca\/International\/burkina-simon-compaore-estime-que-les-marches-du-cfop-napporteront-rien-dans-la-lutte-contre-le-terrorisme\/","title":{"rendered":"Burkina\u00a0: Simon Compaor\u00e9 estime que les marches du CFOP n\u2019apporteront \u00ab rien \u00bb dans la lutte contre le terrorisme."},"content":{"rendered":"<div>\n<p>Le pr\u00e9sident du MPP, Simon Compaor\u00e9, a appel\u00e9 ses militants au cours d\u2019une assembl\u00e9e g\u00e9n\u00e9rale des associations du parti ce vendredi 2 juillet 2021, \u00e0 vaquer \u00e0 leurs occupations durant la p\u00e9riode de la marche de l\u2019opposition et de certaines organisations de la soci\u00e9t\u00e9 civile. Il a appel\u00e9 les militants du MPP \u00e0 r\u00e9pondre favorablement \u00e0 l\u2019appel du pr\u00e9sident du Faso qui est de surseoir aux marches et \u00e0 vaquer \u00e0 leurs occupations.<\/p>\n<p>En rappel, l\u2019opposition politique a maintenu sa marche pr\u00e9vue les 3 et 4 juillet 2021 pour protester, de fa\u00e7on \u00ab\u00a0pacifique et silencieuse\u00a0\u00bb, contre la d\u00e9gradation de la situation s\u00e9curitaire.<\/p>\n<p><strong>La R\u00e9daction<\/strong><\/p>\n<p>L\u2019article <a rel=\"nofollow\" href=\"https:\/\/www.sidwaya.info\/blog\/2021\/07\/02\/burkina-simon-compaore-estime-que-les-marches-du-cfop-napporteront-rien-dans-la-lutte-contre-le-terrorisme\/\">Burkina\u00a0: Simon Compaor\u00e9 estime que les marches du CFOP n\u2019apporteront \u00ab rien \u00bb dans la lutte contre le terrorisme.<\/a> est apparu en premier sur <a rel=\"nofollow\" href=\"https:\/\/www.sidwaya.info\/\">Quotidien Sidwaya<\/a>.<\/p>\n<\/div>\n<p>Auteur: Wamini SIDWAYA<br \/>\n<a href=\"https:\/\/www.sidwaya.info\/blog\/2021\/07\/02\/burkina-simon-compaore-estime-que-les-marches-du-cfop-napporteront-rien-dans-la-lutte-contre-le-terrorisme\/\">Cliquez ici pour lire l&rsquo;article depuis sa source.<\/a><\/p>\n","protected":false},"excerpt":{"rendered":"<p>Le pr\u00e9sident du MPP, Simon Compaor\u00e9, a appel\u00e9 ses militants au cours d\u2019une assembl\u00e9e g\u00e9n\u00e9rale des associations du parti ce vendredi 2 juillet 2021, \u00e0 vaquer \u00e0 leurs occupations durant la p\u00e9riode de la marche de l\u2019opposition et de certaines organisations de la soci\u00e9t\u00e9 civile. Il a appel\u00e9 les militants du MPP \u00e0 r\u00e9pondre favorablement [&hellip;]<\/p>\n","protected":false},"author":1816,"featured_media":0,"comment_status":"closed","ping_status":"closed","sticky":false,"template":"","format":"standard","meta":{"fifu_image_url":"","fifu_image_alt":"","footnotes":""},"categories":[73,81],"tags":[],"class_list":["post-120218","post","type-post","status-publish","format-standard","hentry","category-actualite","category-burkina-faso"],"_links":{"self":[{"href":"https:\/\/linitiative.ca\/International\/wp-json\/wp\/v2\/posts\/120218","targetHints":{"allow":["GET"]}}],"collection":[{"href":"https:\/\/linitiative.ca\/International\/wp-json\/wp\/v2\/posts"}],"about":[{"href":"https:\/\/linitiative.ca\/International\/wp-json\/wp\/v2\/types\/post"}],"author":[{"embeddable":true,"href":"https:\/\/linitiative.ca\/International\/wp-json\/wp\/v2\/users\/1816"}],"replies":[{"embeddable":true,"href":"https:\/\/linitiative.ca\/International\/wp-json\/wp\/v2\/comments?post=120218"}],"version-history":[{"count":0,"href":"https:\/\/linitiative.ca\/International\/wp-json\/wp\/v2\/posts\/120218\/revisions"}],"wp:attachment":[{"href":"https:\/\/linitiative.ca\/International\/wp-json\/wp\/v2\/media?parent=120218"}],"wp:term":[{"taxonomy":"category","embeddable":true,"href":"https:\/\/linitiative.ca\/International\/wp-json\/wp\/v2\/categories?post=120218"},{"taxonomy":"post_tag","embeddable":true,"href":"https:\/\/linitiative.ca\/International\/wp-json\/wp\/v2\/tags?post=120218"}],"curies":[{"name":"wp","href":"https:\/\/api.w.org\/{rel}","templated":true}]}}