{"id":120219,"date":"2021-07-02T09:08:57","date_gmt":"2021-07-02T13:08:57","guid":{"rendered":"https:\/\/linitiative.ca\/International\/burkina-le-gouverneur-de-la-region-de-lest-suspend-toute-intronisation-de-chefs-traditionnels-jusqu-a-nouvel-ordre\/"},"modified":"2021-07-02T09:08:57","modified_gmt":"2021-07-02T13:08:57","slug":"burkina-le-gouverneur-de-la-region-de-lest-suspend-toute-intronisation-de-chefs-traditionnels-jusqu-a-nouvel-ordre","status":"publish","type":"post","link":"https:\/\/linitiative.ca\/International\/burkina-le-gouverneur-de-la-region-de-lest-suspend-toute-intronisation-de-chefs-traditionnels-jusqu-a-nouvel-ordre\/","title":{"rendered":"Burkina : Le Gouverneur de la r\u00e9gion de l\u2019Est suspend toute intronisation de chefs traditionnels jusqu\u2019 \u00e0 nouvel ordre."},"content":{"rendered":"<div>\n<h3>Dans un arr\u00eate signe le jeudi 1 er juillet 2021, le Gouverneur de la r\u00e9gion de l\u2019Est suspend jusqu\u2019 \u00e0 nouvel ordre, toute intronisation de chefs traditionnels dans le ressort de la chefferie coutumi\u00e8re du Gulu. Par cons\u00e9quent, tout contrevenant aux dispositions du pr\u00e9sent arr\u00eate assumera l\u2019enti\u00e8re responsabilit\u00e9 des cons\u00e9quences qui en d\u00e9couleront.<\/h3>\n<p><img decoding=\"async\" loading=\"lazy\" class=\"alignnone size-medium wp-image-37198\" src=\"https:\/\/linitiative.ca\/International\/wp-content\/uploads\/sites\/23\/2021\/07\/Arrete-1-211x300-1.jpg\" alt=\"\" width=\"211\" height=\"300\" srcset=\"https:\/\/linitiative.ca\/International\/wp-content\/uploads\/sites\/23\/2021\/07\/Arrete-1-211x300-1.jpg 211w, https:\/\/www.sidwaya.info\/wp-content\/uploads\/2021\/07\/Arrete-1-150x214.jpg 150w, https:\/\/www.sidwaya.info\/wp-content\/uploads\/2021\/07\/Arrete-1-300x427.jpg 300w, https:\/\/www.sidwaya.info\/wp-content\/uploads\/2021\/07\/Arrete-1-295x420.jpg 295w, https:\/\/www.sidwaya.info\/wp-content\/uploads\/2021\/07\/Arrete-1.jpg 674w\" sizes=\"auto, (max-width: 211px) 100vw, 211px\"><\/p>\n<p><img decoding=\"async\" loading=\"lazy\" class=\"alignnone size-medium wp-image-37199\" src=\"https:\/\/linitiative.ca\/International\/wp-content\/uploads\/sites\/23\/2021\/07\/Arrete-2-210x300-1.jpg\" alt=\"\" width=\"210\" height=\"300\" srcset=\"https:\/\/linitiative.ca\/International\/wp-content\/uploads\/sites\/23\/2021\/07\/Arrete-2-210x300-1.jpg 210w, https:\/\/www.sidwaya.info\/wp-content\/uploads\/2021\/07\/Arrete-2-150x214.jpg 150w, https:\/\/www.sidwaya.info\/wp-content\/uploads\/2021\/07\/Arrete-2-300x428.jpg 300w, https:\/\/www.sidwaya.info\/wp-content\/uploads\/2021\/07\/Arrete-2-294x420.jpg 294w, https:\/\/www.sidwaya.info\/wp-content\/uploads\/2021\/07\/Arrete-2.jpg 673w\" sizes=\"auto, (max-width: 210px) 100vw, 210px\"><\/p>\n<p>\u00a0<\/p>\n<p>L\u2019article <a rel=\"nofollow\" href=\"https:\/\/www.sidwaya.info\/blog\/2021\/07\/02\/burkina-le-gouverneur-de-la-region-de-lest-suspend-toute-intronisation-de-chefs-traditionnels-jusqu-a-nouvel-ordre\/\">Burkina : Le Gouverneur de la r\u00e9gion de l\u2019Est suspend toute intronisation de chefs traditionnels jusqu\u2019 \u00e0 nouvel ordre.<\/a> est apparu en premier sur <a rel=\"nofollow\" href=\"https:\/\/www.sidwaya.info\/\">Quotidien Sidwaya<\/a>.<\/p>\n<\/div>\n<p>Auteur: Wamini SIDWAYA<br \/>\n<a href=\"https:\/\/www.sidwaya.info\/blog\/2021\/07\/02\/burkina-le-gouverneur-de-la-region-de-lest-suspend-toute-intronisation-de-chefs-traditionnels-jusqu-a-nouvel-ordre\/\">Cliquez ici pour lire l&rsquo;article depuis sa source.<\/a><\/p>\n","protected":false},"excerpt":{"rendered":"<p>Dans un arr\u00eate signe le jeudi 1 er juillet 2021, le Gouverneur de la r\u00e9gion de l\u2019Est suspend jusqu\u2019 \u00e0 nouvel ordre, toute intronisation de chefs traditionnels dans le ressort de la chefferie coutumi\u00e8re du Gulu. Par cons\u00e9quent, tout contrevenant aux dispositions du pr\u00e9sent arr\u00eate assumera l\u2019enti\u00e8re responsabilit\u00e9 des cons\u00e9quences qui en d\u00e9couleront. \u00a0 L\u2019article [&hellip;]<\/p>\n","protected":false},"author":1816,"featured_media":0,"comment_status":"closed","ping_status":"closed","sticky":false,"template":"","format":"standard","meta":{"fifu_image_url":"https:\/\/www.sidwaya.info\/wp-content\/uploads\/2021\/07\/Arrete-1-211x300.jpg","fifu_image_alt":"Burkina : Le Gouverneur de la r\u00e9gion de l\u2019Est suspend toute intronisation de chefs traditionnels jusqu\u2019 \u00e0 nouvel ordre.","footnotes":""},"categories":[73,81],"tags":[],"class_list":["post-120219","post","type-post","status-publish","format-standard","hentry","category-actualite","category-burkina-faso"],"_links":{"self":[{"href":"https:\/\/linitiative.ca\/International\/wp-json\/wp\/v2\/posts\/120219","targetHints":{"allow":["GET"]}}],"collection":[{"href":"https:\/\/linitiative.ca\/International\/wp-json\/wp\/v2\/posts"}],"about":[{"href":"https:\/\/linitiative.ca\/International\/wp-json\/wp\/v2\/types\/post"}],"author":[{"embeddable":true,"href":"https:\/\/linitiative.ca\/International\/wp-json\/wp\/v2\/users\/1816"}],"replies":[{"embeddable":true,"href":"https:\/\/linitiative.ca\/International\/wp-json\/wp\/v2\/comments?post=120219"}],"version-history":[{"count":0,"href":"https:\/\/linitiative.ca\/International\/wp-json\/wp\/v2\/posts\/120219\/revisions"}],"wp:attachment":[{"href":"https:\/\/linitiative.ca\/International\/wp-json\/wp\/v2\/media?parent=120219"}],"wp:term":[{"taxonomy":"category","embeddable":true,"href":"https:\/\/linitiative.ca\/International\/wp-json\/wp\/v2\/categories?post=120219"},{"taxonomy":"post_tag","embeddable":true,"href":"https:\/\/linitiative.ca\/International\/wp-json\/wp\/v2\/tags?post=120219"}],"curies":[{"name":"wp","href":"https:\/\/api.w.org\/{rel}","templated":true}]}}