{"id":120224,"date":"2021-07-02T14:18:02","date_gmt":"2021-07-02T18:18:02","guid":{"rendered":"https:\/\/linitiative.ca\/International\/senegal-la-bad-appuie-lelargissement-de-lassiette-fiscale\/"},"modified":"2021-07-02T14:18:02","modified_gmt":"2021-07-02T18:18:02","slug":"senegal-la-bad-appuie-lelargissement-de-lassiette-fiscale","status":"publish","type":"post","link":"https:\/\/linitiative.ca\/International\/senegal-la-bad-appuie-lelargissement-de-lassiette-fiscale\/","title":{"rendered":"S\u00e9n\u00e9gal : la Bad appuie l\u2019\u00e9largissement de l\u2019assiette fiscale"},"content":{"rendered":"<div>\n<p><img loading=\"lazy\" decoding=\"async\" width=\"238\" height=\"212\" src=\"https:\/\/linitiative.ca\/International\/wp-content\/uploads\/sites\/23\/2021\/07\/16252498839395.jpg\" class=\"attachment-post-thumbnail size-post-thumbnail wp-post-image\" alt=\"\"><\/p>\n<p>La Banque africaine de d\u00e9veloppement (Bad) a accord\u00e9 un pr\u00eat de 65 millions d&rsquo;euros, soit plus de 42 milliards Cfa, pour appuyer les r\u00e9formes sur la mobilisation des ressources internes.L&rsquo;approbation du Conseil d&rsquo;administration de la Bad porte sur la deuxi\u00e8me phase du Programme d&rsquo;appui \u00e0 la mobilisation des ressources et \u00e0 l&rsquo;efficacit\u00e9 des r\u00e9formes (PAMRER II), dont la premi\u00e8re phase, d\u00e9but\u00e9e en 2019, pour trois ans, a \u00e9t\u00e9 interrompue l&rsquo;an dernier pour permettre au S\u00e9n\u00e9gal de r\u00e9agir \u00e0 la crise sanitaire.<\/p>\n<p>Selon le communiqu\u00e9 de la Bad parvenu ce vendredi \u00e0 APA, cet appui financier devrait par ailleurs permettre de promouvoir les r\u00e9formes strat\u00e9giques pour attirer davantage d&rsquo;investissements au S\u00e9n\u00e9gal.<\/p>\n<p>Dans le contexte socio-\u00e9conomique post-Covid-19, les deux axes du programme PAMRER II, \u00e0 savoir, la mobilisation des ressources internes et l&rsquo;\u00e9largissement de l&rsquo;assiette fiscale ; et le soutien \u00e0 la relance via des r\u00e9formes et projets strat\u00e9giques pour l&rsquo;attractivit\u00e9 des investissements, sont des \u00e9l\u00e9ments essentiels du plan de relance de l&rsquo;\u00e9conomie s\u00e9n\u00e9galaise d\u00e9nomm\u00e9 Plan d&rsquo;actions prioritaires ajust\u00e9 et acc\u00e9l\u00e9r\u00e9 (PAP2A).<\/p>\n<p>La phase I du programme tablait sur le lancement des r\u00e9formes et la mise en place des cadres analytiques et de coordination y aff\u00e9rant. La phase II consolidera les acquis et portera \u00e0 maturation les engagements du programme.<\/p>\n<p>Cette nouvelle phase doit notamment accompagner la mise en place de cadres juridiques et op\u00e9rationnels pour la transparence fiscale et l&rsquo;\u00e9change automatique de donn\u00e9es, passer des phases pilotes \u00e0 une couverture notable des contribuables sur la num\u00e9risation fiscale, renforcer la transparence des mesures fiscales et cadrer le nouveau code des investissements et la politique industrielle.<\/p>\n<p>Elle vise \u00e0 appuyer la mise en \u0153uvre effective et efficace des Zones \u00e9conomiques sp\u00e9ciales, \u00e0 adopter une nouvelle loi sur les partenariats public-priv\u00e9, \u00e0 \u00e9laborer une nouvelle strat\u00e9gie de d\u00e9veloppement du secteur priv\u00e9 et une meilleure gestion des risques li\u00e9s \u00e0 l&rsquo;endettement public.<\/p>\n<p>La Bad souligne que ce programme b\u00e9n\u00e9ficiera \u00e0 la population. En effet, indique-t-elle, une politique fiscale adapt\u00e9e devrait accro\u00eetre les ressources de l&rsquo;\u00c9tat et financer les services publics pour am\u00e9liorer les conditions de vie des populations.\u00a0<\/p>\n<p>De plus, poursuit la banque, une administration fiscale plus performante devrait baisser les co\u00fbts de transaction pour les particuliers et entreprises lors de leur d\u00e9claration d&rsquo;imp\u00f4ts. Et enfin, la mise en \u0153uvre des r\u00e9formes et projets strat\u00e9giques devraient accro\u00eetre l&rsquo;attractivit\u00e9 des investissements et stimuler la cr\u00e9ation d&#8217;emplois.<\/p>\n<p>\u00ab Si les deux axes de r\u00e9formes soutenus par le PAMRER, \u00e0 savoir la mobilisation des recettes et l&rsquo;attractivit\u00e9 du pays en tant que destination d&rsquo;investissements, \u00e9taient importants avant la pand\u00e9mie, ils sont d\u00e9sormais essentiels pour la relance de l&rsquo;\u00e9conomie, mais aussi sa r\u00e9silience \u00e0 moyen terme. L&rsquo;approbation de la deuxi\u00e8me phase de ce programme est une grande avanc\u00e9e, sachant n\u00e9anmoins que les efforts doivent \u00eatre maintenus et intensifi\u00e9s en vue de la phase III \u00bb, a d\u00e9clar\u00e9 la directrice g\u00e9n\u00e9rale de la Banque africaine de d\u00e9veloppement pour l&rsquo;Afrique de l&rsquo;Ouest Marie-Laure Akin-Olugbade, cit\u00e9e par la note.<\/p>\n<p>Cet article <a rel=\"nofollow\" href=\"https:\/\/www.journalducameroun.com\/senegal-la-bad-appuie-lelargissement-de-lassiette-fiscale\/\">S\u00e9n\u00e9gal : la Bad appuie l\u2019\u00e9largissement de l\u2019assiette fiscale<\/a> est apparu en premier sur <a rel=\"nofollow\" href=\"https:\/\/www.journalducameroun.com\/\">Journal du Cameroun<\/a>.<\/p>\n<\/div>\n<p>Auteur: APA News<br \/>\n<a href=\"https:\/\/www.journalducameroun.com\/senegal-la-bad-appuie-lelargissement-de-lassiette-fiscale\/\">Cliquez ici pour lire l&rsquo;article depuis sa source.<\/a><\/p>\n","protected":false},"excerpt":{"rendered":"<p>La Banque africaine de d\u00e9veloppement (Bad) a accord\u00e9 un pr\u00eat de 65 millions d&rsquo;euros, soit plus de 42 milliards Cfa, pour appuyer les r\u00e9formes sur la mobilisation des ressources internes.L&rsquo;approbation du Conseil d&rsquo;administration de la Bad porte sur la deuxi\u00e8me phase du Programme d&rsquo;appui \u00e0 la mobilisation des ressources et \u00e0 l&rsquo;efficacit\u00e9 des r\u00e9formes (PAMRER [&hellip;]<\/p>\n","protected":false},"author":1965,"featured_media":0,"comment_status":"closed","ping_status":"closed","sticky":false,"template":"","format":"standard","meta":{"fifu_image_url":"https:\/\/www.journalducameroun.com\/wp-content\/uploads\/2021\/07\/16252498839395.jpg","fifu_image_alt":"S\u00e9n\u00e9gal : la Bad appuie l\u2019\u00e9largissement de l\u2019assiette fiscale","footnotes":""},"categories":[73,82],"tags":[],"class_list":["post-120224","post","type-post","status-publish","format-standard","hentry","category-actualite","category-cameroun"],"_links":{"self":[{"href":"https:\/\/linitiative.ca\/International\/wp-json\/wp\/v2\/posts\/120224","targetHints":{"allow":["GET"]}}],"collection":[{"href":"https:\/\/linitiative.ca\/International\/wp-json\/wp\/v2\/posts"}],"about":[{"href":"https:\/\/linitiative.ca\/International\/wp-json\/wp\/v2\/types\/post"}],"author":[{"embeddable":true,"href":"https:\/\/linitiative.ca\/International\/wp-json\/wp\/v2\/users\/1965"}],"replies":[{"embeddable":true,"href":"https:\/\/linitiative.ca\/International\/wp-json\/wp\/v2\/comments?post=120224"}],"version-history":[{"count":0,"href":"https:\/\/linitiative.ca\/International\/wp-json\/wp\/v2\/posts\/120224\/revisions"}],"wp:attachment":[{"href":"https:\/\/linitiative.ca\/International\/wp-json\/wp\/v2\/media?parent=120224"}],"wp:term":[{"taxonomy":"category","embeddable":true,"href":"https:\/\/linitiative.ca\/International\/wp-json\/wp\/v2\/categories?post=120224"},{"taxonomy":"post_tag","embeddable":true,"href":"https:\/\/linitiative.ca\/International\/wp-json\/wp\/v2\/tags?post=120224"}],"curies":[{"name":"wp","href":"https:\/\/api.w.org\/{rel}","templated":true}]}}