{"id":120226,"date":"2021-07-02T14:18:03","date_gmt":"2021-07-02T18:18:03","guid":{"rendered":"https:\/\/linitiative.ca\/International\/young-leaders-2021-les-100-laureats-devoiles\/"},"modified":"2021-07-02T14:18:03","modified_gmt":"2021-07-02T18:18:03","slug":"young-leaders-2021-les-100-laureats-devoiles","status":"publish","type":"post","link":"https:\/\/linitiative.ca\/International\/young-leaders-2021-les-100-laureats-devoiles\/","title":{"rendered":"Young Leaders 2021: les 100 laur\u00e9ats d\u00e9voil\u00e9s"},"content":{"rendered":"<div>\n<p><img loading=\"lazy\" decoding=\"async\" width=\"1600\" height=\"1066\" src=\"https:\/\/linitiative.ca\/International\/wp-content\/uploads\/sites\/23\/2021\/07\/16252498833613.jpg\" class=\"attachment-post-thumbnail size-post-thumbnail wp-post-image\" alt=\"\" srcset=\"https:\/\/linitiative.ca\/International\/wp-content\/uploads\/sites\/23\/2021\/07\/16252498833613.jpg 1600w, https:\/\/www.journalducameroun.com\/wp-content\/uploads\/2021\/07\/16252498833613-300x200.jpg 300w, https:\/\/www.journalducameroun.com\/wp-content\/uploads\/2021\/07\/16252498833613-768x512.jpg 768w, https:\/\/www.journalducameroun.com\/wp-content\/uploads\/2021\/07\/16252498833613-1024x682.jpg 1024w, https:\/\/www.journalducameroun.com\/wp-content\/uploads\/2021\/07\/16252498833613-660x440.jpg 660w, https:\/\/www.journalducameroun.com\/wp-content\/uploads\/2021\/07\/16252498833613-600x400.jpg 600w\" sizes=\"auto, (max-width: 1600px) 100vw, 1600px\"><\/p>\n<p>Les 100 Young Leaders constituant la promotion 2021 de la French-African Foundation viennent d&rsquo;\u00eatre d\u00e9voil\u00e9s, lors d&rsquo;une c\u00e9r\u00e9monie retransmise en direct sur les r\u00e9seaux sociaux.<\/p>\n<p>Ces 100 profils qui respectent une stricte parit\u00e9, sont marqu\u00e9s par la diversit\u00e9 sectorielle et g\u00e9ographique. Ils ont \u00e9t\u00e9 distingu\u00e9s parmi pr\u00e8s de 3 000 Africains et Fran\u00e7ais \u00e2g\u00e9s entre 28 et 40 ans.<\/p>\n<p>Leur s\u00e9lection a \u00e9t\u00e9 faite au terme d&rsquo;une campagne de recrutement d&rsquo;un mois et demi. Ces cent laur\u00e9ats marquent la mont\u00e9e en puissance du programme et des valeurs port\u00e9es par la Fondation.\u00a0<\/p>\n<p>Le processus de s\u00e9lection qui a mobilis\u00e9 un jury ind\u00e9pendant compos\u00e9 de d\u00e9cideurs publics et de repr\u00e9sentants du monde des affaires, a \u00e9t\u00e9 rendu public apr\u00e8s une campagne marqu\u00e9e par une pl\u00e9thore de profils. \u00a0<\/p>\n<p>Une s\u00e9lection inclusive<\/p>\n<p>Cette promotion int\u00e8gre des secteurs innovants comme le legal tech ou encore l&rsquo;entreprenariat li\u00e9 aux enjeux environnementaux avec sa stricte parit\u00e9 et des acteurs issus du monde des affaires publiques, business, culture, m\u00e9dias et sport.<\/p>\n<p>Sur ce contingent, 25 pays africains sont repr\u00e9sent\u00e9s, en plus de la France. L&rsquo;origine des laur\u00e9ats indique une majorit\u00e9 de profils francophones (78), le reste \u00e9tant constitu\u00e9 de profils anglophones.\u00a0<\/p>\n<p>Au sein de cette promotion, 65 laur\u00e9ats sont des nationaux et 35 des binationaux. Hormis la France, le Nigeria, le B\u00e9nin et le S\u00e9n\u00e9gal, arrivent dans le trio de t\u00eate, avec respectivement 9; 7 et 6 laur\u00e9ats. L&rsquo;\u00e2ge moyen de la promotion est de 34,5 ans.<\/p>\n<p>Parmi les secteurs d&rsquo;activit\u00e9 les plus repr\u00e9sent\u00e9s, figurent les services financiers (14), les m\u00e9dias &amp; divertissements (12), les services aux entreprises (11), et, ex-aequo, le sport et la sph\u00e8re gouvernementale (10).\u00a0<\/p>\n<p>Si ce palmar\u00e8s fait la part belle aux grands groupes internationaux (Orange, Lactalis, Deloitte, Suez, Canal+ International, Bank of Africa) et fondateurs de startups, une nouvelle g\u00e9n\u00e9ration de dirigeants publics et politiques figurent aussi en p\u00f4le position.<\/p>\n<p>\u00ab\u00a0Cette nouvelle promotion t\u00e9moigne de la force des rapports franco-africains au service de probl\u00e9matiques communes. Elle renforce consid\u00e9rablement la communaut\u00e9 Young Leaders existante\u00a0\u00bb, a\u00a0d\u00e9clar\u00e9 Alexandre Coster, Co-pr\u00e9sident de la French-African Foundation.<\/p>\n<p>M. Alexandre Coster, a soutenu que le nombre de laur\u00e9ats, la diversit\u00e9 et la qualit\u00e9 de leurs profils, la place accord\u00e9e aux talents f\u00e9minins, le maillage continental assur\u00e9 par la diversit\u00e9 g\u00e9ographique sont autant d&rsquo;atouts au service de la construction d&rsquo;un avenir commun durable et inclusif\u00a0\u00bb.\u00a0<\/p>\n<p>Une promotion impressionnante<\/p>\n<p>\u00ab\u00a0Au-del\u00e0 de l&rsquo;effectif qui a \u00e9t\u00e9 multipli\u00e9 par trois, la s\u00e9lection Young Leaders 2021 est une promotion impressionnante de par son enthousiasme et son niveau d&rsquo;engagement pour faire \u00e9merger des solutions nouvelles \u00e0 l&rsquo;\u00e9chelle locale, nationale et internationale\u00a0\u00bb, s&rsquo;est f\u00e9licit\u00e9 Khaled Igue, Co-pr\u00e9sident de la French-African Foundation.\u00a0<\/p>\n<p>\u00ab\u00a0C&rsquo;est de cette \u00e9nergie transformatrice dont nos soci\u00e9t\u00e9s fran\u00e7aises et africaines ont besoin. La French-African Foundation au travers du programme est le catalyseur de cette \u00e9nergie\u00a0\u00bb, souligne Khaled Igue.\u00a0<\/p>\n<p>Anim\u00e9e par la journaliste de RFI Diara Ndiaye, la c\u00e9r\u00e9monie, tenue en soir\u00e9e, a \u00e9t\u00e9 l&rsquo;occasion de d\u00e9voiler l&rsquo;application qui sera d\u00e9di\u00e9e \u00e0 la communaut\u00e9 Young Leaders. Elle a r\u00e9uni une centaine de personnalit\u00e9s. \u00a0<\/p>\n<p>Parmi ces personnalit\u00e9s, figurent des partenaires de la French-African Foundation et des membres du comit\u00e9 de s\u00e9lection, tels que Bertrand Walckenaer, directeur d\u00e9l\u00e9gu\u00e9 de l&rsquo;AFD, Thierry D\u00e9au, PDG de Meridiam. Le discours de cl\u00f4ture est revenu \u00e0 l&rsquo;ambassadeur du S\u00e9n\u00e9gal en France, El Hadji Magatte.\u00a0<\/p>\n<p>\u00c9tablie en f\u00e9vrier 2019, la French-African Foundation a pour mission de valoriser les talents les plus prometteurs sur la sc\u00e8ne \u00e9conomique, politique, universitaire, sociale et culturelle franco-africaine et de soutenir le potentiel de leadership et de management de la nouvelle g\u00e9n\u00e9ration \u00e0 travers son programme phare Young Leaders.\u00a0<\/p>\n<p>Ce programme offre la possibilit\u00e9 aux laur\u00e9ats de participer \u00e0 deux s\u00e9minaires, en France et en Afrique, pour d\u00e9velopper leur leadership, \u00e9changer avec des hauts dirigeants du secteur public et du secteur priv\u00e9, et proposer, ensemble une r\u00e9flexion sur des th\u00e9matiques-cl\u00e9s.\u00a0<\/p>\n<p>Cet article <a rel=\"nofollow\" href=\"https:\/\/www.journalducameroun.com\/young-leaders-2021-les-100-laureats-devoiles\/\">Young Leaders 2021: les 100 laur\u00e9ats d\u00e9voil\u00e9s<\/a> est apparu en premier sur <a rel=\"nofollow\" href=\"https:\/\/www.journalducameroun.com\/\">Journal du Cameroun<\/a>.<\/p>\n<\/div>\n<p>Auteur: APA News<br \/>\n<a href=\"https:\/\/www.journalducameroun.com\/young-leaders-2021-les-100-laureats-devoiles\/\">Cliquez ici pour lire l&rsquo;article depuis sa source.<\/a><\/p>\n","protected":false},"excerpt":{"rendered":"<p>Les 100 Young Leaders constituant la promotion 2021 de la French-African Foundation viennent d&rsquo;\u00eatre d\u00e9voil\u00e9s, lors d&rsquo;une c\u00e9r\u00e9monie retransmise en direct sur les r\u00e9seaux sociaux. Ces 100 profils qui respectent une stricte parit\u00e9, sont marqu\u00e9s par la diversit\u00e9 sectorielle et g\u00e9ographique. Ils ont \u00e9t\u00e9 distingu\u00e9s parmi pr\u00e8s de 3 000 Africains et Fran\u00e7ais \u00e2g\u00e9s entre [&hellip;]<\/p>\n","protected":false},"author":1965,"featured_media":0,"comment_status":"closed","ping_status":"closed","sticky":false,"template":"","format":"standard","meta":{"fifu_image_url":"https:\/\/www.journalducameroun.com\/wp-content\/uploads\/2021\/07\/16252498833613.jpg","fifu_image_alt":"Young Leaders 2021: les 100 laur\u00e9ats d\u00e9voil\u00e9s","footnotes":""},"categories":[73,82],"tags":[],"class_list":["post-120226","post","type-post","status-publish","format-standard","hentry","category-actualite","category-cameroun"],"_links":{"self":[{"href":"https:\/\/linitiative.ca\/International\/wp-json\/wp\/v2\/posts\/120226","targetHints":{"allow":["GET"]}}],"collection":[{"href":"https:\/\/linitiative.ca\/International\/wp-json\/wp\/v2\/posts"}],"about":[{"href":"https:\/\/linitiative.ca\/International\/wp-json\/wp\/v2\/types\/post"}],"author":[{"embeddable":true,"href":"https:\/\/linitiative.ca\/International\/wp-json\/wp\/v2\/users\/1965"}],"replies":[{"embeddable":true,"href":"https:\/\/linitiative.ca\/International\/wp-json\/wp\/v2\/comments?post=120226"}],"version-history":[{"count":0,"href":"https:\/\/linitiative.ca\/International\/wp-json\/wp\/v2\/posts\/120226\/revisions"}],"wp:attachment":[{"href":"https:\/\/linitiative.ca\/International\/wp-json\/wp\/v2\/media?parent=120226"}],"wp:term":[{"taxonomy":"category","embeddable":true,"href":"https:\/\/linitiative.ca\/International\/wp-json\/wp\/v2\/categories?post=120226"},{"taxonomy":"post_tag","embeddable":true,"href":"https:\/\/linitiative.ca\/International\/wp-json\/wp\/v2\/tags?post=120226"}],"curies":[{"name":"wp","href":"https:\/\/api.w.org\/{rel}","templated":true}]}}