{"id":120228,"date":"2021-07-02T15:18:01","date_gmt":"2021-07-02T19:18:01","guid":{"rendered":"https:\/\/linitiative.ca\/International\/rationnement-electricite-moins-de-1-des-menages-touches-en-cote-divoire\/"},"modified":"2021-07-02T15:18:01","modified_gmt":"2021-07-02T19:18:01","slug":"rationnement-electricite-moins-de-1-des-menages-touches-en-cote-divoire","status":"publish","type":"post","link":"https:\/\/linitiative.ca\/International\/rationnement-electricite-moins-de-1-des-menages-touches-en-cote-divoire\/","title":{"rendered":"Rationnement \u00e9lectricit\u00e9: \u00ab\u00a0moins de 1%\u00a0\u00bb des m\u00e9nages touch\u00e9s en C\u00f4te d\u2019Ivoire"},"content":{"rendered":"<div>\n<p><img loading=\"lazy\" decoding=\"async\" width=\"720\" height=\"480\" src=\"https:\/\/linitiative.ca\/International\/wp-content\/uploads\/sites\/23\/2021\/07\/16252534811392.jpg\" class=\"attachment-post-thumbnail size-post-thumbnail wp-post-image\" alt=\"\" srcset=\"https:\/\/linitiative.ca\/International\/wp-content\/uploads\/sites\/23\/2021\/07\/16252534811392.jpg 720w, https:\/\/www.journalducameroun.com\/wp-content\/uploads\/2021\/07\/16252534811392-300x200.jpg 300w, https:\/\/www.journalducameroun.com\/wp-content\/uploads\/2021\/07\/16252534811392-660x440.jpg 660w, https:\/\/www.journalducameroun.com\/wp-content\/uploads\/2021\/07\/16252534811392-600x400.jpg 600w\" sizes=\"auto, (max-width: 720px) 100vw, 720px\"><\/p>\n<p>La proportion des m\u00e9nages touch\u00e9s par le programme de rationnement de la fourniture d&rsquo;\u00e9lectricit\u00e9 en C\u00f4te d&rsquo;Ivoire est pass\u00e9e de 15% \u00e0 \u00ab\u00a0moins de 1%\u00a0\u00bb, du 10 mai au 2 juillet 2021, tandis que le temps d&rsquo;alimentation des industriels s&rsquo;est accru de 48h \u00e0 96h.<\/p>\n<p>Ces donn\u00e9es ont \u00e9t\u00e9 indiqu\u00e9es, vendredi \u00e0 Abidjan, par le directeur g\u00e9n\u00e9ral adjoint de la Compagnie ivoirienne d&rsquo;\u00e9lectricit\u00e9 (CIE), en charge de la distribution et de la commercialisation, M. Mathias Kouassi, dans une d\u00e9claration \u00e9tablissant le bilan et les r\u00e9sultats du programme de rationnement sur huit semaines.<\/p>\n<p>Cette performance montre l&rsquo;all\u00e8gement progressif et constant du programme de rationnement de l&rsquo;\u00e9lectricit\u00e9, aussi bien pour les m\u00e9nages que pour les industriels, s&rsquo;est f\u00e9licit\u00e9 M. Mathias Kouassi. \u00a0<\/p>\n<p>Les r\u00e9sultats pr\u00e9sent\u00e9s ressortent que \u00ab\u00a0la proportion des m\u00e9nages touch\u00e9s par le rationnement est pass\u00e9e de 15% au d\u00e9but du programme \u00e0 moins de 1% d\u00e8s le 19 juin 2021\u00a0\u00bb jusqu&rsquo;\u00e0 ce jour. \u00a0<\/p>\n<p>Pour les temps d&rsquo;alimentation des industriels, dont les p\u00e9riodes \u00e9taient de 48 heures, sont pass\u00e9es progressivement \u00e0 64h pour s&rsquo;\u00e9tablir \u00e0 96 heures, aujourd&rsquo;hui, soit 16h par jour pendant six jours de la semaine.\u00a0<\/p>\n<p>Une gestion efficiente <\/p>\n<p>Un programme de rationnement de la fourniture de l&rsquo;\u00e9lectricit\u00e9, ob\u00e9issant \u00e0 \u00ab\u00a0trois grands principes\u00a0\u00bb, a \u00e9t\u00e9 mis en place depuis le 10 mai 2021 sur instruction du ministre des Mines, du P\u00e9trole et de l&rsquo;Energie, pour juguler la crise \u00e9nerg\u00e9tique.\u00a0<\/p>\n<p>En vue d&rsquo;une gestion efficace de la situation, la compagnie a mis en place deux plages horaires de rationnement d&rsquo;une dur\u00e9e de 6 heures, ensuite une alternance hebdomadaire des plages horaires et une exclusion de la journ\u00e9e du dimanche du programme de rationnement.<\/p>\n<p>Les efforts d\u00e9ploy\u00e9s ont permis \u00e0 la compagnie, \u00e0 partir du 12 juin 2021, de passer \u00e0 moins de 5% des clients r\u00e9sidentiels touch\u00e9s par le rationnement par plages de 6h, et \u00e0 plus de la moiti\u00e9 des clients de ne plus \u00eatre rationn\u00e9s du tout.\u00a0<\/p>\n<p>\u00ab\u00a0Les clients rationn\u00e9s n&rsquo;\u00e9taient plus impact\u00e9s que seulement deux \u00e0 trois fois par semaine. A partir du 19 juin, nous sommes pass\u00e9s \u00e0 moins de 1% de clients rationn\u00e9s par plage de 6h\u00a0\u00bb, a fait savoir le DGA de la compagnie.\u00a0<\/p>\n<p>Cela, mentionnera-t-il, a permis \u00e0 \u00ab\u00a080% des clients basse tension de ne plus \u00eatre rationn\u00e9s. Et, les clients rationn\u00e9s n&rsquo;\u00e9taient alors touch\u00e9s qu&rsquo;une \u00e0 deux fois maximum par semaine\u00a0\u00bb.<\/p>\n<p>\u00ab\u00a0Depuis le 26 juin, le rationnement par plage de 6h des clients basse tension s\u2018est pratiquement arr\u00eat\u00e9\u00a0\u00bb, a rassur\u00e9 M. Mathias Kouassi.\u00a0<\/p>\n<p>Concernant les industriels, un all\u00e8gement constant du programme de rationnement a \u00e9t\u00e9 mis en \u0153uvre avec le concours du comit\u00e9 de veille compos\u00e9 des principaux acteurs des secteurs de l&rsquo;\u00e9nergie, de l&rsquo;industrie, du commerce et du patronat.<\/p>\n<p>\u00ab\u00a0Les p\u00e9riodes hebdomadaires d&rsquo;alimentation ont progressivement augment\u00e9, passant de 48h les deux premi\u00e8res semaines, \u00e0 64h les deux semaines suivantes, pour se situer \u00e0 96h depuis d\u00e9but juin jusqu&rsquo;\u00e0 aujourd&rsquo;hui\u00a0\u00bb, a-t-il d\u00e9taill\u00e9.\u00a0<\/p>\n<p>Engouement autour des canaux digitaux\u00a0<\/p>\n<p>En outre, des canaux d&rsquo;acc\u00e8s \u00e0 l&rsquo;information ont \u00e9t\u00e9 mis en place, notamment un site pour l&rsquo;information des m\u00e9nages (monelec.ci), un site pour les clients industriels (monelecpro.ci) et un num\u00e9ro vert gratuit (800 800 22) pour tous les clients.\u00a0<\/p>\n<p>Selon les statistiques, le site monelec.ci\u00a0a enregistr\u00e9 plus de 1 million de requ\u00eates , le num\u00e9ro vert gratuit plus de 10 600 appels, tandis que 100% des industries concern\u00e9es ont consult\u00e9 leur programme en ligne.\u00a0<\/p>\n<p>\u00ab\u00a0Pendant les huit semaines d&rsquo;application du programme, la p\u00e9riode la plus difficile du rationnement a \u00e9t\u00e9 la semaine du 17 au 23 mai avec un impact de 20% des clients chaque jour pendant 6h (o\u00f9) les clients \u00e9taient rationn\u00e9s 6j\/7\u00a0\u00bb, a fait observer M. Kouassi.<\/p>\n<p>Sur sept semaines de la p\u00e9riode de rationnement, la tendance \u00e9tait \u00ab\u00a0positive avec une absence d&rsquo;al\u00e9a majeur\u00a0\u00bb, a-t-il soulign\u00e9, avant d&rsquo;ajouter que cela a permis d&rsquo;\u00e9viter de rationner la fourniture d&rsquo;\u00e9lectricit\u00e9 ou de r\u00e9duire les cr\u00e9neaux horaires.\u00a0<\/p>\n<p>Aujourd&rsquo;hui, \u00ab\u00a0l&rsquo;engouement de nos clients autour des canaux digitaux et t\u00e9l\u00e9phoniques mis en place (&#8230;) ont permis de porter l&rsquo;information \u00e0 l&rsquo;ensemble de la population de mani\u00e8re efficace et dynamique\u00a0\u00bb, a-t-il poursuivi.\u00a0<\/p>\n<p>Cet article <a rel=\"nofollow\" href=\"https:\/\/www.journalducameroun.com\/rationnement-electricite-moins-de-1-des-menages-touches-en-cote-divoire\/\">Rationnement \u00e9lectricit\u00e9: \u00ab\u00a0moins de 1%\u00a0\u00bb des m\u00e9nages touch\u00e9s en C\u00f4te d\u2019Ivoire<\/a> est apparu en premier sur <a rel=\"nofollow\" href=\"https:\/\/www.journalducameroun.com\/\">Journal du Cameroun<\/a>.<\/p>\n<\/div>\n<p>Auteur: APA News<br \/>\n<a href=\"https:\/\/www.journalducameroun.com\/rationnement-electricite-moins-de-1-des-menages-touches-en-cote-divoire\/\">Cliquez ici pour lire l&rsquo;article depuis sa source.<\/a><\/p>\n","protected":false},"excerpt":{"rendered":"<p>La proportion des m\u00e9nages touch\u00e9s par le programme de rationnement de la fourniture d&rsquo;\u00e9lectricit\u00e9 en C\u00f4te d&rsquo;Ivoire est pass\u00e9e de 15% \u00e0 \u00ab\u00a0moins de 1%\u00a0\u00bb, du 10 mai au 2 juillet 2021, tandis que le temps d&rsquo;alimentation des industriels s&rsquo;est accru de 48h \u00e0 96h. Ces donn\u00e9es ont \u00e9t\u00e9 indiqu\u00e9es, vendredi \u00e0 Abidjan, par le [&hellip;]<\/p>\n","protected":false},"author":1965,"featured_media":0,"comment_status":"closed","ping_status":"closed","sticky":false,"template":"","format":"standard","meta":{"fifu_image_url":"https:\/\/www.journalducameroun.com\/wp-content\/uploads\/2021\/07\/16252534811392.jpg","fifu_image_alt":"Rationnement \u00e9lectricit\u00e9: \u00ab\u00a0moins de 1%\u00a0\u00bb des m\u00e9nages touch\u00e9s en C\u00f4te d\u2019Ivoire","footnotes":""},"categories":[73,82],"tags":[],"class_list":["post-120228","post","type-post","status-publish","format-standard","hentry","category-actualite","category-cameroun"],"_links":{"self":[{"href":"https:\/\/linitiative.ca\/International\/wp-json\/wp\/v2\/posts\/120228","targetHints":{"allow":["GET"]}}],"collection":[{"href":"https:\/\/linitiative.ca\/International\/wp-json\/wp\/v2\/posts"}],"about":[{"href":"https:\/\/linitiative.ca\/International\/wp-json\/wp\/v2\/types\/post"}],"author":[{"embeddable":true,"href":"https:\/\/linitiative.ca\/International\/wp-json\/wp\/v2\/users\/1965"}],"replies":[{"embeddable":true,"href":"https:\/\/linitiative.ca\/International\/wp-json\/wp\/v2\/comments?post=120228"}],"version-history":[{"count":0,"href":"https:\/\/linitiative.ca\/International\/wp-json\/wp\/v2\/posts\/120228\/revisions"}],"wp:attachment":[{"href":"https:\/\/linitiative.ca\/International\/wp-json\/wp\/v2\/media?parent=120228"}],"wp:term":[{"taxonomy":"category","embeddable":true,"href":"https:\/\/linitiative.ca\/International\/wp-json\/wp\/v2\/categories?post=120228"},{"taxonomy":"post_tag","embeddable":true,"href":"https:\/\/linitiative.ca\/International\/wp-json\/wp\/v2\/tags?post=120228"}],"curies":[{"name":"wp","href":"https:\/\/api.w.org\/{rel}","templated":true}]}}