{"id":120230,"date":"2021-07-02T16:18:02","date_gmt":"2021-07-02T20:18:02","guid":{"rendered":"https:\/\/linitiative.ca\/International\/electricite-le-gouvernement-ivoirien-declare-la-fin-du-rationnement\/"},"modified":"2021-07-02T16:18:02","modified_gmt":"2021-07-02T20:18:02","slug":"electricite-le-gouvernement-ivoirien-declare-la-fin-du-rationnement","status":"publish","type":"post","link":"https:\/\/linitiative.ca\/International\/electricite-le-gouvernement-ivoirien-declare-la-fin-du-rationnement\/","title":{"rendered":"Electricit\u00e9: le gouvernement ivoirien d\u00e9clare la \u00ab\u00a0fin\u00a0\u00bb du rationnement"},"content":{"rendered":"<div>\n<p><img loading=\"lazy\" decoding=\"async\" width=\"720\" height=\"508\" src=\"https:\/\/linitiative.ca\/International\/wp-content\/uploads\/sites\/23\/2021\/07\/16252570839346.jpg\" class=\"attachment-post-thumbnail size-post-thumbnail wp-post-image\" alt=\"\" srcset=\"https:\/\/linitiative.ca\/International\/wp-content\/uploads\/sites\/23\/2021\/07\/16252570839346.jpg 720w, https:\/\/www.journalducameroun.com\/wp-content\/uploads\/2021\/07\/16252570839346-300x212.jpg 300w, https:\/\/www.journalducameroun.com\/wp-content\/uploads\/2021\/07\/16252570839346-624x440.jpg 624w, https:\/\/www.journalducameroun.com\/wp-content\/uploads\/2021\/07\/16252570839346-600x423.jpg 600w\" sizes=\"auto, (max-width: 720px) 100vw, 720px\"><\/p>\n<p>Le ministre ivoirien des Mines, du P\u00e9trole et de l&rsquo;\u00e9nergie, Thomas Camara, a annonc\u00e9 vendredi la \u00ab\u00a0fin du rationnement de la fourniture d&rsquo;\u00e9lectricit\u00e9 dans les m\u00e9nages\u00a0\u00bb, \u00e0 l&rsquo;issue d&rsquo;une rencontre avec le Premier ministre, Patrick Achi, rapporte une note de la Primature.<\/p>\n<p>\u00ab\u00a0Des mesures importantes ont \u00e9t\u00e9 prises et, depuis le 25 juin 2021, le rationnement de la fourniture d&rsquo;\u00e9lectricit\u00e9 aux m\u00e9nages a pris fin. Les m\u00e9nages sont d\u00e9sormais approvisionn\u00e9s en \u00e9lectricit\u00e9 de fa\u00e7on continue\u00a0\u00bb, a dit M. Thomas Camara.\u00a0<\/p>\n<p>\u00ab\u00a0La situation de rationnement est r\u00e9gl\u00e9e d\u00e9finitivement \u00ab\u00a0, a ajout\u00e9 M. Thomas Camara, au terme d&rsquo;une r\u00e9union pr\u00e9sid\u00e9e par le Premier ministre Patrick Achi avec le secteur priv\u00e9 et les organisations de la soci\u00e9t\u00e9 civile, souligne la note.<\/p>\n<p>A propos des industriels, \u00ab\u00a0la fin du rationnement est pr\u00e9vue pour le 15 juillet 2021\u00a0\u00bb, poursuit la note. Un programme de rationnement de la fourniture d&rsquo;\u00e9lectricit\u00e9 avait \u00e9t\u00e9 engag\u00e9 le 10 mai 2021 \u00e0 la suie d&rsquo;une baisse du niveau d&rsquo;eau dans les barrages hydro-\u00e9lectriques.<\/p>\n<p>Cet article <a rel=\"nofollow\" href=\"https:\/\/www.journalducameroun.com\/electricite-le-gouvernement-ivoirien-declare-la-fin-du-rationnement\/\">Electricit\u00e9: le gouvernement ivoirien d\u00e9clare la \u00ab\u00a0fin\u00a0\u00bb du rationnement<\/a> est apparu en premier sur <a rel=\"nofollow\" href=\"https:\/\/www.journalducameroun.com\/\">Journal du Cameroun<\/a>.<\/p>\n<\/div>\n<p>Auteur: APA News<br \/>\n<a href=\"https:\/\/www.journalducameroun.com\/electricite-le-gouvernement-ivoirien-declare-la-fin-du-rationnement\/\">Cliquez ici pour lire l&rsquo;article depuis sa source.<\/a><\/p>\n","protected":false},"excerpt":{"rendered":"<p>Le ministre ivoirien des Mines, du P\u00e9trole et de l&rsquo;\u00e9nergie, Thomas Camara, a annonc\u00e9 vendredi la \u00ab\u00a0fin du rationnement de la fourniture d&rsquo;\u00e9lectricit\u00e9 dans les m\u00e9nages\u00a0\u00bb, \u00e0 l&rsquo;issue d&rsquo;une rencontre avec le Premier ministre, Patrick Achi, rapporte une note de la Primature. \u00ab\u00a0Des mesures importantes ont \u00e9t\u00e9 prises et, depuis le 25 juin 2021, le [&hellip;]<\/p>\n","protected":false},"author":1965,"featured_media":0,"comment_status":"closed","ping_status":"closed","sticky":false,"template":"","format":"standard","meta":{"fifu_image_url":"https:\/\/www.journalducameroun.com\/wp-content\/uploads\/2021\/07\/16252570839346.jpg","fifu_image_alt":"Electricit\u00e9: le gouvernement ivoirien d\u00e9clare la \u00ab\u00a0fin\u00a0\u00bb du rationnement","footnotes":""},"categories":[73,82],"tags":[],"class_list":["post-120230","post","type-post","status-publish","format-standard","hentry","category-actualite","category-cameroun"],"_links":{"self":[{"href":"https:\/\/linitiative.ca\/International\/wp-json\/wp\/v2\/posts\/120230","targetHints":{"allow":["GET"]}}],"collection":[{"href":"https:\/\/linitiative.ca\/International\/wp-json\/wp\/v2\/posts"}],"about":[{"href":"https:\/\/linitiative.ca\/International\/wp-json\/wp\/v2\/types\/post"}],"author":[{"embeddable":true,"href":"https:\/\/linitiative.ca\/International\/wp-json\/wp\/v2\/users\/1965"}],"replies":[{"embeddable":true,"href":"https:\/\/linitiative.ca\/International\/wp-json\/wp\/v2\/comments?post=120230"}],"version-history":[{"count":0,"href":"https:\/\/linitiative.ca\/International\/wp-json\/wp\/v2\/posts\/120230\/revisions"}],"wp:attachment":[{"href":"https:\/\/linitiative.ca\/International\/wp-json\/wp\/v2\/media?parent=120230"}],"wp:term":[{"taxonomy":"category","embeddable":true,"href":"https:\/\/linitiative.ca\/International\/wp-json\/wp\/v2\/categories?post=120230"},{"taxonomy":"post_tag","embeddable":true,"href":"https:\/\/linitiative.ca\/International\/wp-json\/wp\/v2\/tags?post=120230"}],"curies":[{"name":"wp","href":"https:\/\/api.w.org\/{rel}","templated":true}]}}