{"id":120234,"date":"2021-07-02T14:30:58","date_gmt":"2021-07-02T18:30:58","guid":{"rendered":"https:\/\/linitiative.ca\/International\/peche-du-poulpe-feu-vert-pour-la-saison-dete-a-dakhla\/"},"modified":"2021-07-02T14:30:58","modified_gmt":"2021-07-02T18:30:58","slug":"peche-du-poulpe-feu-vert-pour-la-saison-dete-a-dakhla","status":"publish","type":"post","link":"https:\/\/linitiative.ca\/International\/peche-du-poulpe-feu-vert-pour-la-saison-dete-a-dakhla\/","title":{"rendered":"P\u00eache du poulpe : Feu vert pour la saison d\u2019\u00e9t\u00e9 \u00e0 Dakhla"},"content":{"rendered":"<div>\n<p><img decoding=\"async\" width=\"300\" height=\"153\" src=\"https:\/\/linitiative.ca\/International\/wp-content\/uploads\/sites\/23\/2021\/07\/poulpe-peche-300x153-1.jpg\" class=\"attachment-medium size-medium wp-post-image\" alt=\"\" loading=\"lazy\" srcset=\"\/\/aujourdhui.ma\/wp-content\/uploads\/2016\/08\/poulpe-peche-300x153.jpg 300w, \/\/aujourdhui.ma\/wp-content\/uploads\/2016\/08\/poulpe-peche.jpg 746w\" sizes=\"auto, (max-width: 300px) 100vw, 300px\"><\/p>\n<p><span style=\"font-size: 20px; color: #800000;\"><strong>La saison d\u2019\u00e9t\u00e9 de la p\u00eache du poulpe est r\u00e9cemment ouverte pour le segment artisanal \u00e0 Dakhla, avec un quota fix\u00e9 \u00e0 3.380 tonnes (T), fait savoir la d\u00e9l\u00e9gation des p\u00eaches maritimes.<\/strong> <\/span><span id=\"more-380726\"><\/span><\/p>\n<p>Pour cette saison, le quota global de poulpe qui durera du 16 juin jusqu\u2019au 15 septembre 2021, est fix\u00e9 \u00e0 13.000 T, r\u00e9parti sur les trois segments de p\u00eache, \u00e0 savoir 8.190 T pour le segment hauturier, 1.430 T pour le segment c\u00f4tier et 3.380 T pour le segment artisanal \u00e0 Dakhla.<\/p>\n<p>Par ailleurs, la dur\u00e9e de cette campagne peut \u00eatre r\u00e9vis\u00e9e en fonction de l\u2019\u00e9volution des indicateurs biologiques de cette p\u00eacherie, indique la m\u00eame source.Le segment artisanal de Dakhla est autoris\u00e9 \u00e0 op\u00e9rer entre 3.000 et 8.000 marins et compos\u00e9 de barques actives \u00e0 partir des sites de Labouirda, Lassargua, N\u2019tireft et Imoutlane. Notons que le quota de poulpe pour la campagne d\u2019hiver s\u2019\u00e9l\u00e8ve \u00e0 6.729 T de poulpes, d\u2019une valeur globale de plus de 599,86 millions de dirhams .<\/p>\n<p>Les d\u00e9barquements enregistr\u00e9s au niveau des quatre villages de p\u00eache de Lassarga, Labouirda, Ntirifet et Imoutlane, correspondent \u00e0 99,55 % du quota global (6.760 T), fix\u00e9 pour le segment de la p\u00eache artisanale pour la campagne d\u2019hiver de p\u00eache de ces c\u00e9phalopodes.<\/p>\n<\/div>\n<p>Auteur: ALM<br \/>\n<a href=\"https:\/\/aujourdhui.ma\/economie\/peche-du-poulpe-feu-vert-pour-la-saison-dete-a-dakhla\">Cliquez ici pour lire l&rsquo;article depuis sa source.<\/a><\/p>\n","protected":false},"excerpt":{"rendered":"<p>La saison d\u2019\u00e9t\u00e9 de la p\u00eache du poulpe est r\u00e9cemment ouverte pour le segment artisanal \u00e0 Dakhla, avec un quota fix\u00e9 \u00e0 3.380 tonnes (T), fait savoir la d\u00e9l\u00e9gation des p\u00eaches maritimes. Pour cette saison, le quota global de poulpe qui durera du 16 juin jusqu\u2019au 15 septembre 2021, est fix\u00e9 \u00e0 13.000 T, r\u00e9parti [&hellip;]<\/p>\n","protected":false},"author":1759,"featured_media":0,"comment_status":"closed","ping_status":"closed","sticky":false,"template":"","format":"standard","meta":{"fifu_image_url":"https:\/\/aujourdhui.ma\/wp-content\/uploads\/2016\/08\/poulpe-peche-300x153.jpg","fifu_image_alt":"P\u00eache du poulpe : Feu vert pour la saison d\u2019\u00e9t\u00e9 \u00e0 Dakhla","footnotes":""},"categories":[73,54],"tags":[],"class_list":["post-120234","post","type-post","status-publish","format-standard","hentry","category-actualite","category-maroc"],"_links":{"self":[{"href":"https:\/\/linitiative.ca\/International\/wp-json\/wp\/v2\/posts\/120234","targetHints":{"allow":["GET"]}}],"collection":[{"href":"https:\/\/linitiative.ca\/International\/wp-json\/wp\/v2\/posts"}],"about":[{"href":"https:\/\/linitiative.ca\/International\/wp-json\/wp\/v2\/types\/post"}],"author":[{"embeddable":true,"href":"https:\/\/linitiative.ca\/International\/wp-json\/wp\/v2\/users\/1759"}],"replies":[{"embeddable":true,"href":"https:\/\/linitiative.ca\/International\/wp-json\/wp\/v2\/comments?post=120234"}],"version-history":[{"count":0,"href":"https:\/\/linitiative.ca\/International\/wp-json\/wp\/v2\/posts\/120234\/revisions"}],"wp:attachment":[{"href":"https:\/\/linitiative.ca\/International\/wp-json\/wp\/v2\/media?parent=120234"}],"wp:term":[{"taxonomy":"category","embeddable":true,"href":"https:\/\/linitiative.ca\/International\/wp-json\/wp\/v2\/categories?post=120234"},{"taxonomy":"post_tag","embeddable":true,"href":"https:\/\/linitiative.ca\/International\/wp-json\/wp\/v2\/tags?post=120234"}],"curies":[{"name":"wp","href":"https:\/\/api.w.org\/{rel}","templated":true}]}}