{"id":120240,"date":"2021-07-02T17:30:33","date_gmt":"2021-07-02T21:30:33","guid":{"rendered":"https:\/\/linitiative.ca\/International\/beni-mellal-tentative-de-parricide-par-le-feu\/"},"modified":"2021-07-02T17:30:33","modified_gmt":"2021-07-02T21:30:33","slug":"beni-mellal-tentative-de-parricide-par-le-feu","status":"publish","type":"post","link":"https:\/\/linitiative.ca\/International\/beni-mellal-tentative-de-parricide-par-le-feu\/","title":{"rendered":"Beni Mellal : Tentative de parricide  par le feu"},"content":{"rendered":"<div>\n<p><img decoding=\"async\" width=\"300\" height=\"153\" src=\"https:\/\/linitiative.ca\/International\/wp-content\/uploads\/sites\/23\/2021\/07\/feu-2013-07-16-300x153-1.jpg\" class=\"attachment-medium size-medium wp-post-image\" alt=\"\" loading=\"lazy\" srcset=\"\/\/aujourdhui.ma\/wp-content\/uploads\/2016\/02\/feu-2013-07-16-300x153.jpg 300w, \/\/aujourdhui.ma\/wp-content\/uploads\/2016\/02\/feu-2013-07-16.jpg 640w\" sizes=\"auto, (max-width: 300px) 100vw, 300px\"><\/p>\n<p><span style=\"color: #800000;\"><strong>Au douar Ksar Daroua relevant de la commune rurale Ouled Gnaou, dans la province de Beni Mellal, un jeune homme de trente-deux ans a tent\u00e9, mardi dernier, de tuer son p\u00e8re, septuag\u00e9naire, par le feu.<\/strong><\/span><span id=\"more-380691\"><\/span><\/p>\n<p>Il \u00e9tait midi lorsque le jeune homme a enferm\u00e9 son p\u00e8re dans une chambre, l\u2019a asperg\u00e9 d\u2019un produit inflammable et mis le feu. Apr\u00e8s quoi, il a pris la poudre d\u2019escampette. Heureusement pour lui que, ayant entendu ses cris, les voisins sont intervenus. Il a \u00e9t\u00e9 conduit d\u2019urgence vers le service de l\u2019h\u00f4pital r\u00e9gional de Beni Mellal. Les \u00e9l\u00e9ments de la gendarmerie royale de Sidi Issa se sont \u00e9galement d\u00e9p\u00each\u00e9s sur les lieux pour entamer une enqu\u00eate minutieuse. Ayant effectu\u00e9 un ratissage de la r\u00e9gion, le trentenaire, qui \u00e9tait arm\u00e9 d\u2019un couteau, a \u00e9t\u00e9 rep\u00e9r\u00e9 et arr\u00eat\u00e9. Il a \u00e9t\u00e9 maintenu en garde \u00e0 vue.<\/p>\n<\/div>\n<p>Auteur: Abderrafii ALOUMLIKI<br \/>\n<a href=\"https:\/\/aujourdhui.ma\/faits-divers\/beni-mellal-tentative-de-parricide-par-le-feu\">Cliquez ici pour lire l&rsquo;article depuis sa source.<\/a><\/p>\n","protected":false},"excerpt":{"rendered":"<p>Au douar Ksar Daroua relevant de la commune rurale Ouled Gnaou, dans la province de Beni Mellal, un jeune homme de trente-deux ans a tent\u00e9, mardi dernier, de tuer son p\u00e8re, septuag\u00e9naire, par le feu. Il \u00e9tait midi lorsque le jeune homme a enferm\u00e9 son p\u00e8re dans une chambre, l\u2019a asperg\u00e9 d\u2019un produit inflammable et [&hellip;]<\/p>\n","protected":false},"author":1759,"featured_media":0,"comment_status":"closed","ping_status":"closed","sticky":false,"template":"","format":"standard","meta":{"fifu_image_url":"https:\/\/aujourdhui.ma\/wp-content\/uploads\/2016\/02\/feu-2013-07-16-300x153.jpg","fifu_image_alt":"Beni Mellal : Tentative de parricide  par le feu","footnotes":""},"categories":[73,54],"tags":[],"class_list":["post-120240","post","type-post","status-publish","format-standard","hentry","category-actualite","category-maroc"],"_links":{"self":[{"href":"https:\/\/linitiative.ca\/International\/wp-json\/wp\/v2\/posts\/120240","targetHints":{"allow":["GET"]}}],"collection":[{"href":"https:\/\/linitiative.ca\/International\/wp-json\/wp\/v2\/posts"}],"about":[{"href":"https:\/\/linitiative.ca\/International\/wp-json\/wp\/v2\/types\/post"}],"author":[{"embeddable":true,"href":"https:\/\/linitiative.ca\/International\/wp-json\/wp\/v2\/users\/1759"}],"replies":[{"embeddable":true,"href":"https:\/\/linitiative.ca\/International\/wp-json\/wp\/v2\/comments?post=120240"}],"version-history":[{"count":0,"href":"https:\/\/linitiative.ca\/International\/wp-json\/wp\/v2\/posts\/120240\/revisions"}],"wp:attachment":[{"href":"https:\/\/linitiative.ca\/International\/wp-json\/wp\/v2\/media?parent=120240"}],"wp:term":[{"taxonomy":"category","embeddable":true,"href":"https:\/\/linitiative.ca\/International\/wp-json\/wp\/v2\/categories?post=120240"},{"taxonomy":"post_tag","embeddable":true,"href":"https:\/\/linitiative.ca\/International\/wp-json\/wp\/v2\/tags?post=120240"}],"curies":[{"name":"wp","href":"https:\/\/api.w.org\/{rel}","templated":true}]}}