{"id":120242,"date":"2021-07-03T09:10:38","date_gmt":"2021-07-03T13:10:38","guid":{"rendered":"https:\/\/linitiative.ca\/International\/elections-professionnelles-les-non-affilies-syndicat-le-plus-representatif-au-royaume\/"},"modified":"2021-07-03T09:10:38","modified_gmt":"2021-07-03T13:10:38","slug":"elections-professionnelles-les-non-affilies-syndicat-le-plus-representatif-au-royaume","status":"publish","type":"post","link":"https:\/\/linitiative.ca\/International\/elections-professionnelles-les-non-affilies-syndicat-le-plus-representatif-au-royaume\/","title":{"rendered":"\u00c9lections professionnelles: les non affili\u00e9s, syndicat le plus repr\u00e9sentatif au Royaume"},"content":{"rendered":"<div>\n<p><img decoding=\"async\" width=\"300\" height=\"153\" src=\"https:\/\/linitiative.ca\/International\/wp-content\/uploads\/sites\/23\/2021\/07\/Syndicats-UMT-CDT-marche-1-mai-300x153-1.jpg\" class=\"attachment-medium size-medium wp-post-image\" alt=\"\" loading=\"lazy\" srcset=\"\/\/aujourdhui.ma\/wp-content\/uploads\/2020\/04\/Syndicats-UMT-CDT-marche-1-mai-300x153.jpg 300w, \/\/aujourdhui.ma\/wp-content\/uploads\/2020\/04\/Syndicats-UMT-CDT-marche-1-mai.jpg 746w\" sizes=\"auto, (max-width: 300px) 100vw, 300px\"><\/p>\n<p>Les d\u00e9l\u00e9gu\u00e9s sans appartenance syndicale dominent toujours. C\u2019est ce qui ressort des r\u00e9sultats d\u00e9finitifs pr\u00e9sent\u00e9s vendredi \u00e0 Rabat, des \u00e9lections professionnelles. Dans le d\u00e9tail, les candidats non affili\u00e9s, avec 24.429 d\u00e9l\u00e9gu\u00e9s (51,35%), sont arriv\u00e9s en t\u00eate des \u00e9lections des repr\u00e9sentants des salari\u00e9s dans les secteurs public et priv\u00e9 au titre de l\u2019ann\u00e9e 2021.<\/p>\n<p>L\u2019Union marocaine du travail (UMT) a occup\u00e9 la deuxi\u00e8me position avec 7.362 d\u00e9l\u00e9gu\u00e9s (15,48%), suivie de l\u2019Union g\u00e9n\u00e9rale des travailleurs au Maroc (UGTM), qui a align\u00e9 5.977 d\u00e9l\u00e9gu\u00e9s (12,56%), et la Conf\u00e9d\u00e9ration d\u00e9mocratique du travail (CDT), qui a fait \u00e9lire 3.423 d\u00e9l\u00e9gu\u00e9s (7,20%).<\/p>\n<p>En cinqui\u00e8me position, on retrouve l\u2019Union nationale du travail au Maroc (UNTM) (2.680 \/5,63%), devant la F\u00e9d\u00e9ration d\u00e9mocratique du travail (FDT, 1.326\/2,79%), l\u2019Organisation d\u00e9mocratique du travail (ODT, 560\/1,18%) et d\u2019autres syndicats (1.816\/3,82%).<\/p>\n<\/div>\n<p>Auteur: ALM<br \/>\n<a href=\"https:\/\/aujourdhui.ma\/actualite\/elections-professionnelles-les-non-affilies-syndicat-le-plus-representatif-au-royaume\">Cliquez ici pour lire l&rsquo;article depuis sa source.<\/a><\/p>\n","protected":false},"excerpt":{"rendered":"<p>Les d\u00e9l\u00e9gu\u00e9s sans appartenance syndicale dominent toujours. C\u2019est ce qui ressort des r\u00e9sultats d\u00e9finitifs pr\u00e9sent\u00e9s vendredi \u00e0 Rabat, des \u00e9lections professionnelles. Dans le d\u00e9tail, les candidats non affili\u00e9s, avec 24.429 d\u00e9l\u00e9gu\u00e9s (51,35%), sont arriv\u00e9s en t\u00eate des \u00e9lections des repr\u00e9sentants des salari\u00e9s dans les secteurs public et priv\u00e9 au titre de l\u2019ann\u00e9e 2021. L\u2019Union marocaine [&hellip;]<\/p>\n","protected":false},"author":1759,"featured_media":0,"comment_status":"closed","ping_status":"closed","sticky":false,"template":"","format":"standard","meta":{"fifu_image_url":"https:\/\/aujourdhui.ma\/wp-content\/uploads\/2020\/04\/Syndicats-UMT-CDT-marche-1-mai-300x153.jpg","fifu_image_alt":"\u00c9lections professionnelles: les non affili\u00e9s, syndicat le plus repr\u00e9sentatif au Royaume","footnotes":""},"categories":[73,54],"tags":[],"class_list":["post-120242","post","type-post","status-publish","format-standard","hentry","category-actualite","category-maroc"],"_links":{"self":[{"href":"https:\/\/linitiative.ca\/International\/wp-json\/wp\/v2\/posts\/120242","targetHints":{"allow":["GET"]}}],"collection":[{"href":"https:\/\/linitiative.ca\/International\/wp-json\/wp\/v2\/posts"}],"about":[{"href":"https:\/\/linitiative.ca\/International\/wp-json\/wp\/v2\/types\/post"}],"author":[{"embeddable":true,"href":"https:\/\/linitiative.ca\/International\/wp-json\/wp\/v2\/users\/1759"}],"replies":[{"embeddable":true,"href":"https:\/\/linitiative.ca\/International\/wp-json\/wp\/v2\/comments?post=120242"}],"version-history":[{"count":0,"href":"https:\/\/linitiative.ca\/International\/wp-json\/wp\/v2\/posts\/120242\/revisions"}],"wp:attachment":[{"href":"https:\/\/linitiative.ca\/International\/wp-json\/wp\/v2\/media?parent=120242"}],"wp:term":[{"taxonomy":"category","embeddable":true,"href":"https:\/\/linitiative.ca\/International\/wp-json\/wp\/v2\/categories?post=120242"},{"taxonomy":"post_tag","embeddable":true,"href":"https:\/\/linitiative.ca\/International\/wp-json\/wp\/v2\/tags?post=120242"}],"curies":[{"name":"wp","href":"https:\/\/api.w.org\/{rel}","templated":true}]}}