{"id":120244,"date":"2021-07-03T08:30:00","date_gmt":"2021-07-03T12:30:00","guid":{"rendered":"https:\/\/linitiative.ca\/International\/des-temperatures-entre-44-et-48-degres-dans-des-wilayas-de-lest-et-du-sud-est-du-pays\/"},"modified":"2021-07-03T08:30:00","modified_gmt":"2021-07-03T12:30:00","slug":"des-temperatures-entre-44-et-48-degres-dans-des-wilayas-de-lest-et-du-sud-est-du-pays","status":"publish","type":"post","link":"https:\/\/linitiative.ca\/International\/des-temperatures-entre-44-et-48-degres-dans-des-wilayas-de-lest-et-du-sud-est-du-pays\/","title":{"rendered":"Des temp\u00e9ratures entre 44 et 48 degr\u00e9s dans des wilayas de l&rsquo;Est et du Sud-Est du pays"},"content":{"rendered":"<div>Les temp\u00e9ratures vacilleront entre 44 et 48 degr\u00e9s sur des wilayas de l&rsquo;Est et du Sud-Est \u00e0 partir de midi, indique samedi le Centre national des pr\u00e9visions m\u00e9t\u00e9orologiques dans un Bulletin M\u00e9t\u00e9orologique Sp\u00e9cial Canicule.<\/div>\n<p>Auteur:<br \/>\n<a href=\"https:\/\/www.liberte-algerie.com\/actualite\/des-temperatures-entre-44-et-48-degres-dans-des-wilayas-de-lest-et-du-sud-est-du-pays-361333\">Cliquez ici pour lire l&rsquo;article depuis sa source.<\/a><\/p>\n","protected":false},"excerpt":{"rendered":"<p>Les temp\u00e9ratures vacilleront entre 44 et 48 degr\u00e9s sur des wilayas de l&rsquo;Est et du Sud-Est \u00e0 partir de midi, indique samedi le Centre national des pr\u00e9visions m\u00e9t\u00e9orologiques dans un Bulletin M\u00e9t\u00e9orologique Sp\u00e9cial Canicule. Auteur: Cliquez ici pour lire l&rsquo;article depuis sa source.<\/p>\n","protected":false},"author":1742,"featured_media":0,"comment_status":"closed","ping_status":"closed","sticky":false,"template":"","format":"standard","meta":{"fifu_image_url":"","fifu_image_alt":"","footnotes":""},"categories":[73,53],"tags":[],"class_list":["post-120244","post","type-post","status-publish","format-standard","hentry","category-actualite","category-algerie"],"_links":{"self":[{"href":"https:\/\/linitiative.ca\/International\/wp-json\/wp\/v2\/posts\/120244","targetHints":{"allow":["GET"]}}],"collection":[{"href":"https:\/\/linitiative.ca\/International\/wp-json\/wp\/v2\/posts"}],"about":[{"href":"https:\/\/linitiative.ca\/International\/wp-json\/wp\/v2\/types\/post"}],"author":[{"embeddable":true,"href":"https:\/\/linitiative.ca\/International\/wp-json\/wp\/v2\/users\/1742"}],"replies":[{"embeddable":true,"href":"https:\/\/linitiative.ca\/International\/wp-json\/wp\/v2\/comments?post=120244"}],"version-history":[{"count":0,"href":"https:\/\/linitiative.ca\/International\/wp-json\/wp\/v2\/posts\/120244\/revisions"}],"wp:attachment":[{"href":"https:\/\/linitiative.ca\/International\/wp-json\/wp\/v2\/media?parent=120244"}],"wp:term":[{"taxonomy":"category","embeddable":true,"href":"https:\/\/linitiative.ca\/International\/wp-json\/wp\/v2\/categories?post=120244"},{"taxonomy":"post_tag","embeddable":true,"href":"https:\/\/linitiative.ca\/International\/wp-json\/wp\/v2\/tags?post=120244"}],"curies":[{"name":"wp","href":"https:\/\/api.w.org\/{rel}","templated":true}]}}