{"id":120246,"date":"2021-07-03T11:22:01","date_gmt":"2021-07-03T15:22:01","guid":{"rendered":"https:\/\/linitiative.ca\/International\/rencontre-maroco-portugaise-pour-explorer-les-opportunites-dinvestissement\/"},"modified":"2021-07-03T11:22:01","modified_gmt":"2021-07-03T15:22:01","slug":"rencontre-maroco-portugaise-pour-explorer-les-opportunites-dinvestissement","status":"publish","type":"post","link":"https:\/\/linitiative.ca\/International\/rencontre-maroco-portugaise-pour-explorer-les-opportunites-dinvestissement\/","title":{"rendered":"Rencontre maroco-portugaise pour explorer les opportunit\u00e9s d\u2019investissement"},"content":{"rendered":"<div>\n<div style=\"margin-bottom:20px;\"><img loading=\"lazy\" decoding=\"async\" width=\"750\" height=\"430\" src=\"https:\/\/linitiative.ca\/International\/wp-content\/uploads\/sites\/23\/2021\/07\/jemaa-el-fna-copier.jpg\" class=\"attachment-post-thumbnail size-post-thumbnail wp-post-image\" alt=\"\" srcset=\"https:\/\/linitiative.ca\/International\/wp-content\/uploads\/sites\/23\/2021\/07\/jemaa-el-fna-copier.jpg 750w, http:\/\/www.mapmarrakech.ma\/map\/uploads\/2021\/07\/jemaa-el-fna-copier-300x172.jpg 300w\" sizes=\"auto, (max-width: 750px) 100vw, 750px\"><\/div>\n<p>Au cours de cette rencontre, M. Futscher Pereira s\u2019est f\u00e9licit\u00e9 de l\u2019excellence et de la profondeur des relations historiques unissant Rabat et Lisbonne, ainsi que du progr\u00e8s et du d\u00e9veloppement soutenus que connait le Royaume en g\u00e9n\u00e9ral, et la ville de Marrakech en particulier, avec des perspectives d\u2019investissement prometteuses dans divers secteurs.<\/p>\n<p>De son c\u00f4t\u00e9, le wali de la r\u00e9gion, a mis en relief les multiples opportunit\u00e9s d\u2019investissement qu\u2019offre la r\u00e9gion dans diff\u00e9rents secteurs d\u2019activit\u00e9, notamment la cit\u00e9 ocre en tant que p\u00f4le \u00e9conomique et touristique incontournable pour les investisseurs \u00e9trangers, exprimant la d\u00e9termination et l\u2019engagement des autorit\u00e9s locales \u00e0 accompagner les investissements \u00e9trangers notamment, portugais.<\/p>\n<p>De m\u00eame, l\u2019accent a \u00e9t\u00e9 mis sur les opportunit\u00e9s d\u2019investissement qu\u2019offre la r\u00e9gion dans plusieurs domaines notamment, l\u2019agriculture, l\u2019industrie et le tourisme, ainsi que ses atouts et ses caract\u00e9ristiques civilisationnels et culturels.<\/p>\n<p>The post <a rel=\"nofollow\" href=\"http:\/\/www.mapmarrakech.ma\/fr\/rencontre-maroco-portugaise-pour-explorer-les-opportunites-dinvestissement\/\">Rencontre maroco-portugaise pour explorer les opportunit\u00e9s d\u2019investissement<\/a> appeared first on <a rel=\"nofollow\" href=\"http:\/\/www.mapmarrakech.ma\/fr\">MapMarrakech<\/a>.<\/p>\n<\/div>\n<p>Auteur: Meriem IGASS<br \/>\n<a href=\"http:\/\/www.mapmarrakech.ma\/fr\/rencontre-maroco-portugaise-pour-explorer-les-opportunites-dinvestissement\/\">Cliquez ici pour lire l&rsquo;article depuis sa source.<\/a><\/p>\n","protected":false},"excerpt":{"rendered":"<p>Au cours de cette rencontre, M. Futscher Pereira s\u2019est f\u00e9licit\u00e9 de l\u2019excellence et de la profondeur des relations historiques unissant Rabat et Lisbonne, ainsi que du progr\u00e8s et du d\u00e9veloppement soutenus que connait le Royaume en g\u00e9n\u00e9ral, et la ville de Marrakech en particulier, avec des perspectives d\u2019investissement prometteuses dans divers secteurs. De son c\u00f4t\u00e9, [&hellip;]<\/p>\n","protected":false},"author":1788,"featured_media":0,"comment_status":"closed","ping_status":"closed","sticky":false,"template":"","format":"standard","meta":{"fifu_image_url":"http:\/\/www.mapmarrakech.ma\/map\/uploads\/2021\/07\/jemaa-el-fna-copier.jpg","fifu_image_alt":"Rencontre maroco-portugaise pour explorer les opportunit\u00e9s d\u2019investissement","footnotes":""},"categories":[54,76],"tags":[],"class_list":["post-120246","post","type-post","status-publish","format-standard","hentry","category-maroc","category-regions"],"_links":{"self":[{"href":"https:\/\/linitiative.ca\/International\/wp-json\/wp\/v2\/posts\/120246","targetHints":{"allow":["GET"]}}],"collection":[{"href":"https:\/\/linitiative.ca\/International\/wp-json\/wp\/v2\/posts"}],"about":[{"href":"https:\/\/linitiative.ca\/International\/wp-json\/wp\/v2\/types\/post"}],"author":[{"embeddable":true,"href":"https:\/\/linitiative.ca\/International\/wp-json\/wp\/v2\/users\/1788"}],"replies":[{"embeddable":true,"href":"https:\/\/linitiative.ca\/International\/wp-json\/wp\/v2\/comments?post=120246"}],"version-history":[{"count":0,"href":"https:\/\/linitiative.ca\/International\/wp-json\/wp\/v2\/posts\/120246\/revisions"}],"wp:attachment":[{"href":"https:\/\/linitiative.ca\/International\/wp-json\/wp\/v2\/media?parent=120246"}],"wp:term":[{"taxonomy":"category","embeddable":true,"href":"https:\/\/linitiative.ca\/International\/wp-json\/wp\/v2\/categories?post=120246"},{"taxonomy":"post_tag","embeddable":true,"href":"https:\/\/linitiative.ca\/International\/wp-json\/wp\/v2\/tags?post=120246"}],"curies":[{"name":"wp","href":"https:\/\/api.w.org\/{rel}","templated":true}]}}