{"id":120250,"date":"2021-07-03T13:38:31","date_gmt":"2021-07-03T17:38:31","guid":{"rendered":"https:\/\/linitiative.ca\/International\/session-de-formation-sur-la-prise-en-charge-des-personnes-autistes\/"},"modified":"2021-07-03T13:38:31","modified_gmt":"2021-07-03T17:38:31","slug":"session-de-formation-sur-la-prise-en-charge-des-personnes-autistes","status":"publish","type":"post","link":"https:\/\/linitiative.ca\/International\/session-de-formation-sur-la-prise-en-charge-des-personnes-autistes\/","title":{"rendered":"Session de formation sur la prise en charge des personnes autistes"},"content":{"rendered":"<div>\n<div style=\"margin-bottom:20px;\"><img loading=\"lazy\" decoding=\"async\" width=\"750\" height=\"430\" src=\"https:\/\/linitiative.ca\/International\/wp-content\/uploads\/sites\/23\/2021\/07\/autisme.jpg\" class=\"attachment-post-thumbnail size-post-thumbnail wp-post-image\" alt=\"\" srcset=\"https:\/\/linitiative.ca\/International\/wp-content\/uploads\/sites\/23\/2021\/07\/autisme.jpg 750w, http:\/\/www.mapmarrakech.ma\/map\/uploads\/2021\/07\/autisme-300x172.jpg 300w\" sizes=\"auto, (max-width: 750px) 100vw, 750px\"><\/div>\n<div>\n<p>Cette session intervient dans le cadre de la deuxi\u00e8me \u00e9dition de la formation locale lanc\u00e9e dans le cadre du programme national \u00ab\u00a0RAAFIQ\u00a0\u00bb, initi\u00e9 par le minist\u00e8re de la Solidarit\u00e9, du D\u00e9veloppement social, de l\u2019\u00c9galit\u00e9 et de la Famille, et l\u2019Entraide nationale.<\/p>\n<p>Cette formation a cibl\u00e9 15 b\u00e9n\u00e9ficiaires \u00e0 l\u2019\u00e9chelle de la province de Rehamna, dont trois familles, deux sp\u00e9cialistes dans le domaine du handicap, et 10 professionnels dans les secteurs de la sant\u00e9 et de l\u2019\u00e9ducation, afin de les doter des moyens et m\u00e9thodes de redressement du comportement, et d\u2019associer ces m\u00e9nages au projet qualifiant de l\u2019enfant autiste.<\/p>\n<p>A cette occasion, le d\u00e9l\u00e9gu\u00e9 provincial de l\u2019Entraide nationale, Abdelghani Faraki, a soulign\u00e9 l\u2019importance de cette session, notamment en termes de pertinence de la th\u00e9matique abord\u00e9e, d\u2019objectifs et d\u2019efficacit\u00e9 pour obtenir des r\u00e9sultats positifs.<\/p>\n<p>Le responsable a relev\u00e9 que les travaux de cette formation s\u2019articulaient autour de plusieurs axes\u00a0se rapportant aux caract\u00e9ristiques de l\u2019autisme, au processus de diagnostic et \u00e0 la prise en charge via des techniques d\u2019analyse du comportement pratique et ce, \u00e0 travers l\u2019organisation d\u2019ateliers d\u00e9di\u00e9s.<\/p>\n<p>Cette session de formation a suscit\u00e9 un \u00e9cho tr\u00e8s favorable aupr\u00e8s des participantes et participants, ainsi qu\u2019une interaction positive de la part des b\u00e9n\u00e9ficiaires.<\/p>\n<p>Elle a \u00e9t\u00e9 couronn\u00e9e par la distribution de 15 kits p\u00e9dagogiques et didactiques aux participants en vue de leur permettre de mettre en application sur le terrain les connaissances th\u00e9oriques acquises lors de cette formation.<\/p>\n<p>\u00c9tal\u00e9 sur trois ans, le programme \u00ab\u00a0RAAFIQ\u00a0\u00bb a pour objectif de former 180 experts formateurs r\u00e9f\u00e9rents, avec une moyenne de 60 cadres par an et fournir un appui \u00e0 3.600 participants locaux, \u00e0 raison de 1.200 participants par an, r\u00e9partis sur l\u2019ensemble du territoire national.<\/p>\n<p>Ce programme vise \u00e0 am\u00e9liorer la qualit\u00e9 de la prise en charge des personnes autistes et \u00e0 doter le Maroc d\u2019une expertise nationale en mati\u00e8re de formation des formateurs et des professionnels, en leur permettant d\u2019utiliser des m\u00e9thodes et des moyens modernes pour prendre en charge cette cat\u00e9gorie sociale.<\/p>\n<\/div>\n<p>The post <a rel=\"nofollow\" href=\"http:\/\/www.mapmarrakech.ma\/fr\/session-de-formation-sur-la-prise-en-charge-des-personnes-autistes\/\">Session de formation sur la prise en charge des personnes autistes<\/a> appeared first on <a rel=\"nofollow\" href=\"http:\/\/www.mapmarrakech.ma\/fr\">MapMarrakech<\/a>.<\/p>\n<\/div>\n<p>Auteur: Meriem IGASS<br \/>\n<a href=\"http:\/\/www.mapmarrakech.ma\/fr\/session-de-formation-sur-la-prise-en-charge-des-personnes-autistes\/\">Cliquez ici pour lire l&rsquo;article depuis sa source.<\/a><\/p>\n","protected":false},"excerpt":{"rendered":"<p>Cette session intervient dans le cadre de la deuxi\u00e8me \u00e9dition de la formation locale lanc\u00e9e dans le cadre du programme national \u00ab\u00a0RAAFIQ\u00a0\u00bb, initi\u00e9 par le minist\u00e8re de la Solidarit\u00e9, du D\u00e9veloppement social, de l\u2019\u00c9galit\u00e9 et de la Famille, et l\u2019Entraide nationale. Cette formation a cibl\u00e9 15 b\u00e9n\u00e9ficiaires \u00e0 l\u2019\u00e9chelle de la province de Rehamna, dont [&hellip;]<\/p>\n","protected":false},"author":1788,"featured_media":0,"comment_status":"closed","ping_status":"closed","sticky":false,"template":"","format":"standard","meta":{"fifu_image_url":"http:\/\/www.mapmarrakech.ma\/map\/uploads\/2021\/07\/autisme.jpg","fifu_image_alt":"Session de formation sur la prise en charge des personnes autistes","footnotes":""},"categories":[54,76],"tags":[],"class_list":["post-120250","post","type-post","status-publish","format-standard","hentry","category-maroc","category-regions"],"_links":{"self":[{"href":"https:\/\/linitiative.ca\/International\/wp-json\/wp\/v2\/posts\/120250","targetHints":{"allow":["GET"]}}],"collection":[{"href":"https:\/\/linitiative.ca\/International\/wp-json\/wp\/v2\/posts"}],"about":[{"href":"https:\/\/linitiative.ca\/International\/wp-json\/wp\/v2\/types\/post"}],"author":[{"embeddable":true,"href":"https:\/\/linitiative.ca\/International\/wp-json\/wp\/v2\/users\/1788"}],"replies":[{"embeddable":true,"href":"https:\/\/linitiative.ca\/International\/wp-json\/wp\/v2\/comments?post=120250"}],"version-history":[{"count":0,"href":"https:\/\/linitiative.ca\/International\/wp-json\/wp\/v2\/posts\/120250\/revisions"}],"wp:attachment":[{"href":"https:\/\/linitiative.ca\/International\/wp-json\/wp\/v2\/media?parent=120250"}],"wp:term":[{"taxonomy":"category","embeddable":true,"href":"https:\/\/linitiative.ca\/International\/wp-json\/wp\/v2\/categories?post=120250"},{"taxonomy":"post_tag","embeddable":true,"href":"https:\/\/linitiative.ca\/International\/wp-json\/wp\/v2\/tags?post=120250"}],"curies":[{"name":"wp","href":"https:\/\/api.w.org\/{rel}","templated":true}]}}