{"id":120252,"date":"2021-07-02T16:34:11","date_gmt":"2021-07-02T20:34:11","guid":{"rendered":"https:\/\/linitiative.ca\/International\/covid-19-les-centres-de-vaccination-ouverts-le-dimanche\/"},"modified":"2021-07-02T16:34:11","modified_gmt":"2021-07-02T20:34:11","slug":"covid-19-les-centres-de-vaccination-ouverts-le-dimanche","status":"publish","type":"post","link":"https:\/\/linitiative.ca\/International\/covid-19-les-centres-de-vaccination-ouverts-le-dimanche\/","title":{"rendered":"Covid-19: les centres de vaccination ouverts le dimanche"},"content":{"rendered":"<div>\n<div style=\"margin-bottom:20px;\"><img loading=\"lazy\" decoding=\"async\" width=\"750\" height=\"430\" src=\"https:\/\/linitiative.ca\/International\/wp-content\/uploads\/sites\/23\/2021\/07\/Campagne-de-vaccination-contre-la-Covid-19-750C397430-MAP-1.jpg\" class=\"attachment-post-thumbnail size-post-thumbnail wp-post-image\" alt=\"\" srcset=\"https:\/\/linitiative.ca\/International\/wp-content\/uploads\/sites\/23\/2021\/07\/Campagne-de-vaccination-contre-la-Covid-19-750C397430-MAP-1.jpg 750w, http:\/\/www.mapoujda.ma\/map\/uploads\/2021\/02\/Campagne-de-vaccination-contre-la-Covid-19-750\u00d7430-MAP-1-300x172.jpg 300w\" sizes=\"auto, (max-width: 750px) 100vw, 750px\"><\/div>\n<p style=\"text-align: justify;\">Le minist\u00e8re de la Sant\u00e9 a annonc\u00e9, vendredi, que les centres de vaccination seront ouverts tous les jours de la semaine, y compris dimanche, et ce dans le cadre de l\u2019acc\u00e9l\u00e9ration de l\u2019op\u00e9ration nationale de vaccination.<\/p>\n<p style=\"text-align: justify;\">\u00ab\u00a0Dans le cadre de l\u2019acc\u00e9l\u00e9ration de l\u2019op\u00e9ration nationale de vaccination, et afin qu\u2019elle b\u00e9n\u00e9ficie aux cat\u00e9gories \u00e2g\u00e9es de plus de 40 ans n\u2019ayant pas encore re\u00e7u leurs doses, les centres de vaccination seront ouverts le dimanche\u00a0\u00bb, indique le minist\u00e8re dans un communiqu\u00e9.<\/p>\n<p style=\"text-align: justify;\">Ainsi, ajoute la m\u00eame source, les citoyennes et citoyens concern\u00e9s sont appel\u00e9s \u00e0 se diriger vers les centres de vaccination tous les jours de la semaine, y compris le dimanche.<\/p>\n<p style=\"text-align: justify;\">Par ailleurs, pour valoriser les acquis r\u00e9alis\u00e9s par le Maroc gr\u00e2ce \u00e0 la campagne nationale de vaccination et afin de prot\u00e9ger la sant\u00e9 et la s\u00e9curit\u00e9 des citoyennes et citoyens, le minist\u00e8re de la Sant\u00e9 souligne la n\u00e9cessit\u00e9 de continuer \u00e0 respecter les mesures pr\u00e9ventives, avant, pendant et apr\u00e8s la vaccination contre \u00ab\u00a0ce virus l\u00e9tal\u00a0\u00bb et ce, en vue de contribuer aux efforts visant \u00e0 endiguer sa propagation, notamment apr\u00e8s la d\u00e9couverte de nouveaux variants.<\/p>\n<p>L\u2019article <a rel=\"nofollow\" href=\"http:\/\/www.mapoujda.ma\/fr\/covid-19-les-centres-de-vaccination-ouverts-le-dimanche\/\">Covid-19: les centres de vaccination ouverts le dimanche<\/a> est apparu en premier sur <a rel=\"nofollow\" href=\"http:\/\/www.mapoujda.ma\/fr\">MapOujda<\/a>.<\/p>\n<\/div>\n<p>Auteur: Soufiane ELAHMAR<br \/>\n<a href=\"http:\/\/www.mapoujda.ma\/fr\/covid-19-les-centres-de-vaccination-ouverts-le-dimanche\/\">Cliquez ici pour lire l&rsquo;article depuis sa source.<\/a><\/p>\n","protected":false},"excerpt":{"rendered":"<p>Le minist\u00e8re de la Sant\u00e9 a annonc\u00e9, vendredi, que les centres de vaccination seront ouverts tous les jours de la semaine, y compris dimanche, et ce dans le cadre de l\u2019acc\u00e9l\u00e9ration de l\u2019op\u00e9ration nationale de vaccination. \u00ab\u00a0Dans le cadre de l\u2019acc\u00e9l\u00e9ration de l\u2019op\u00e9ration nationale de vaccination, et afin qu\u2019elle b\u00e9n\u00e9ficie aux cat\u00e9gories \u00e2g\u00e9es de plus [&hellip;]<\/p>\n","protected":false},"author":1788,"featured_media":0,"comment_status":"closed","ping_status":"closed","sticky":false,"template":"","format":"standard","meta":{"fifu_image_url":"http:\/\/www.mapoujda.ma\/map\/uploads\/2021\/02\/Campagne-de-vaccination-contre-la-Covid-19-750\u00d7430-MAP-1.jpg","fifu_image_alt":"Covid-19: les centres de vaccination ouverts le dimanche","footnotes":""},"categories":[54,76],"tags":[],"class_list":["post-120252","post","type-post","status-publish","format-standard","hentry","category-maroc","category-regions"],"_links":{"self":[{"href":"https:\/\/linitiative.ca\/International\/wp-json\/wp\/v2\/posts\/120252","targetHints":{"allow":["GET"]}}],"collection":[{"href":"https:\/\/linitiative.ca\/International\/wp-json\/wp\/v2\/posts"}],"about":[{"href":"https:\/\/linitiative.ca\/International\/wp-json\/wp\/v2\/types\/post"}],"author":[{"embeddable":true,"href":"https:\/\/linitiative.ca\/International\/wp-json\/wp\/v2\/users\/1788"}],"replies":[{"embeddable":true,"href":"https:\/\/linitiative.ca\/International\/wp-json\/wp\/v2\/comments?post=120252"}],"version-history":[{"count":0,"href":"https:\/\/linitiative.ca\/International\/wp-json\/wp\/v2\/posts\/120252\/revisions"}],"wp:attachment":[{"href":"https:\/\/linitiative.ca\/International\/wp-json\/wp\/v2\/media?parent=120252"}],"wp:term":[{"taxonomy":"category","embeddable":true,"href":"https:\/\/linitiative.ca\/International\/wp-json\/wp\/v2\/categories?post=120252"},{"taxonomy":"post_tag","embeddable":true,"href":"https:\/\/linitiative.ca\/International\/wp-json\/wp\/v2\/tags?post=120252"}],"curies":[{"name":"wp","href":"https:\/\/api.w.org\/{rel}","templated":true}]}}