{"id":120261,"date":"2021-07-03T11:22:21","date_gmt":"2021-07-03T15:22:21","guid":{"rendered":"https:\/\/linitiative.ca\/International\/covid-19-951-nouveaux-cas-et-plus-de-9-millions-de-personnes-completement-vaccinees\/"},"modified":"2021-07-03T11:22:21","modified_gmt":"2021-07-03T15:22:21","slug":"covid-19-951-nouveaux-cas-et-plus-de-9-millions-de-personnes-completement-vaccinees","status":"publish","type":"post","link":"https:\/\/linitiative.ca\/International\/covid-19-951-nouveaux-cas-et-plus-de-9-millions-de-personnes-completement-vaccinees\/","title":{"rendered":"Covid-19: 951 nouveaux cas et plus de 9 millions de personnes compl\u00e8tement vaccin\u00e9es"},"content":{"rendered":"<div>\n<div class=\"field field-name-body field-type-text-with-summary field-label-hidden\">\n<div class=\"field-items\">\n<div class=\"field-item even\" property=\"content:encoded\">\n<p class=\"rtejustify\">Au total 951 nouveaux cas d&rsquo;infection au coronavirus (Covid-19) et 498 gu\u00e9risons ont \u00e9t\u00e9 enregistr\u00e9s au Maroc au cours des derni\u00e8res 24 heures, a indiqu\u00e9, samedi, le minist\u00e8re de la Sant\u00e9.<\/p>\n<\/div>\n<\/div>\n<\/div>\n<\/div>\n<p>Auteur: mbasraoui<br \/>\n<a href=\"https:\/\/www.leconomiste.com\/flash-infos\/covid-19-951-nouveaux-cas-et-plus-de-9-millions-de-personnes-completement-vaccinees\">Cliquez ici pour lire l&rsquo;article depuis sa source.<\/a><\/p>\n","protected":false},"excerpt":{"rendered":"<p>Au total 951 nouveaux cas d&rsquo;infection au coronavirus (Covid-19) et 498 gu\u00e9risons ont \u00e9t\u00e9 enregistr\u00e9s au Maroc au cours des derni\u00e8res 24 heures, a indiqu\u00e9, samedi, le minist\u00e8re de la Sant\u00e9. Auteur: mbasraoui Cliquez ici pour lire l&rsquo;article depuis sa source.<\/p>\n","protected":false},"author":1763,"featured_media":0,"comment_status":"closed","ping_status":"closed","sticky":false,"template":"","format":"standard","meta":{"fifu_image_url":"","fifu_image_alt":"","footnotes":""},"categories":[78,54],"tags":[],"class_list":["post-120261","post","type-post","status-publish","format-standard","hentry","category-economie","category-maroc"],"_links":{"self":[{"href":"https:\/\/linitiative.ca\/International\/wp-json\/wp\/v2\/posts\/120261","targetHints":{"allow":["GET"]}}],"collection":[{"href":"https:\/\/linitiative.ca\/International\/wp-json\/wp\/v2\/posts"}],"about":[{"href":"https:\/\/linitiative.ca\/International\/wp-json\/wp\/v2\/types\/post"}],"author":[{"embeddable":true,"href":"https:\/\/linitiative.ca\/International\/wp-json\/wp\/v2\/users\/1763"}],"replies":[{"embeddable":true,"href":"https:\/\/linitiative.ca\/International\/wp-json\/wp\/v2\/comments?post=120261"}],"version-history":[{"count":0,"href":"https:\/\/linitiative.ca\/International\/wp-json\/wp\/v2\/posts\/120261\/revisions"}],"wp:attachment":[{"href":"https:\/\/linitiative.ca\/International\/wp-json\/wp\/v2\/media?parent=120261"}],"wp:term":[{"taxonomy":"category","embeddable":true,"href":"https:\/\/linitiative.ca\/International\/wp-json\/wp\/v2\/categories?post=120261"},{"taxonomy":"post_tag","embeddable":true,"href":"https:\/\/linitiative.ca\/International\/wp-json\/wp\/v2\/tags?post=120261"}],"curies":[{"name":"wp","href":"https:\/\/api.w.org\/{rel}","templated":true}]}}