{"id":120262,"date":"2021-07-03T13:05:04","date_gmt":"2021-07-03T17:05:04","guid":{"rendered":"https:\/\/linitiative.ca\/International\/partenariats-strategiques-entre-bp-marrakech-beni-mellal-et-fce\/"},"modified":"2021-07-03T13:05:04","modified_gmt":"2021-07-03T17:05:04","slug":"partenariats-strategiques-entre-bp-marrakech-beni-mellal-et-fce","status":"publish","type":"post","link":"https:\/\/linitiative.ca\/International\/partenariats-strategiques-entre-bp-marrakech-beni-mellal-et-fce\/","title":{"rendered":"Partenariats strat\u00e9giques entre BP Marrakech B\u00e9ni Mellal et FCE"},"content":{"rendered":"<div>\n<div class=\"field field-name-body field-type-text-with-summary field-label-hidden\">\n<div class=\"field-items\">\n<div class=\"field-item even\" property=\"content:encoded\">\n<p>La Fondation Cr\u00e9ation d\u2019Entreprises du groupe BCP (FCE) et la Banque Populaire de Marrakech-B\u00e9ni Mellal ont proc\u00e9d\u00e9, cette semaine, \u00e0 la signature de trois conventions de partenariat strat\u00e9gique avec la Chambre de commerce d\u2019industrie et des services de Marrakech Safi, la Chambre d\u2019Artisanat de la r\u00e9gion Marrakech-Safi, la CGEM Marrakech-Safi, le CRI Marrakech-Safi, et l\u2019ANAPEC.<\/p>\n<p>Cet accord d\u00e9finit le cadre de coop\u00e9ration entre les trois institutions, \u00e0 travers deux axes principaux :<\/p>\n<\/div>\n<\/div>\n<\/div>\n<\/div>\n<p>Auteur: mbasraoui<br \/>\n<a href=\"https:\/\/www.leconomiste.com\/flash-infos\/partenariats-strategiques-entre-bp-marrakech-beni-mellal-et-fce\">Cliquez ici pour lire l&rsquo;article depuis sa source.<\/a><\/p>\n","protected":false},"excerpt":{"rendered":"<p>La Fondation Cr\u00e9ation d\u2019Entreprises du groupe BCP (FCE) et la Banque Populaire de Marrakech-B\u00e9ni Mellal ont proc\u00e9d\u00e9, cette semaine, \u00e0 la signature de trois conventions de partenariat strat\u00e9gique avec la Chambre de commerce d\u2019industrie et des services de Marrakech Safi, la Chambre d\u2019Artisanat de la r\u00e9gion Marrakech-Safi, la CGEM Marrakech-Safi, le CRI Marrakech-Safi, et l\u2019ANAPEC. [&hellip;]<\/p>\n","protected":false},"author":1763,"featured_media":0,"comment_status":"closed","ping_status":"closed","sticky":false,"template":"","format":"standard","meta":{"fifu_image_url":"","fifu_image_alt":"","footnotes":""},"categories":[78,54],"tags":[],"class_list":["post-120262","post","type-post","status-publish","format-standard","hentry","category-economie","category-maroc"],"_links":{"self":[{"href":"https:\/\/linitiative.ca\/International\/wp-json\/wp\/v2\/posts\/120262","targetHints":{"allow":["GET"]}}],"collection":[{"href":"https:\/\/linitiative.ca\/International\/wp-json\/wp\/v2\/posts"}],"about":[{"href":"https:\/\/linitiative.ca\/International\/wp-json\/wp\/v2\/types\/post"}],"author":[{"embeddable":true,"href":"https:\/\/linitiative.ca\/International\/wp-json\/wp\/v2\/users\/1763"}],"replies":[{"embeddable":true,"href":"https:\/\/linitiative.ca\/International\/wp-json\/wp\/v2\/comments?post=120262"}],"version-history":[{"count":0,"href":"https:\/\/linitiative.ca\/International\/wp-json\/wp\/v2\/posts\/120262\/revisions"}],"wp:attachment":[{"href":"https:\/\/linitiative.ca\/International\/wp-json\/wp\/v2\/media?parent=120262"}],"wp:term":[{"taxonomy":"category","embeddable":true,"href":"https:\/\/linitiative.ca\/International\/wp-json\/wp\/v2\/categories?post=120262"},{"taxonomy":"post_tag","embeddable":true,"href":"https:\/\/linitiative.ca\/International\/wp-json\/wp\/v2\/tags?post=120262"}],"curies":[{"name":"wp","href":"https:\/\/api.w.org\/{rel}","templated":true}]}}