{"id":120263,"date":"2021-07-03T15:14:35","date_gmt":"2021-07-03T19:14:35","guid":{"rendered":"https:\/\/linitiative.ca\/International\/euro-2021-rep-tcheque-danemark-les-compos-dequipes\/"},"modified":"2021-07-03T15:14:35","modified_gmt":"2021-07-03T19:14:35","slug":"euro-2021-rep-tcheque-danemark-les-compos-dequipes","status":"publish","type":"post","link":"https:\/\/linitiative.ca\/International\/euro-2021-rep-tcheque-danemark-les-compos-dequipes\/","title":{"rendered":"Euro 2021 : R\u00e9p. Tch\u00e8que &#8211; Danemark (Les compos d&rsquo;\u00e9quipes)"},"content":{"rendered":"<div>La R\u00e9publique tch\u00e8que affronte le Danemark, ce samedi (18h) \u00e0 Bakou, lors des quarts de finale de l&rsquo;Euro.<img loading=\"lazy\" decoding=\"async\" src=\"http:\/\/feeds.feedburner.com\/~r\/GalerieFArtciles\/~4\/vEqzsJMOJmk\" height=\"1\" width=\"1\" alt=\"\"><\/div>\n<p>Auteur:<br \/>\n<a href=\"http:\/\/www.lebuteur.com\/article\/detail?titre=euro-2021-rep-tcheque-danemark-les-compos-dequipes&#038;id=100531&#038;utm_source=feedburner&#038;utm_medium=feed&#038;utm_campaign=Feed%3A+GalerieFArtciles+%28Les+derniers+articles++-+lebuteur.com%29\">Cliquez ici pour lire l&rsquo;article depuis sa source.<\/a><\/p>\n","protected":false},"excerpt":{"rendered":"<p>La R\u00e9publique tch\u00e8que affronte le Danemark, ce samedi (18h) \u00e0 Bakou, lors des quarts de finale de l&rsquo;Euro. Auteur: Cliquez ici pour lire l&rsquo;article depuis sa source.<\/p>\n","protected":false},"author":1738,"featured_media":0,"comment_status":"closed","ping_status":"closed","sticky":false,"template":"","format":"standard","meta":{"fifu_image_url":"http:\/\/feeds.feedburner.com\/~r\/GalerieFArtciles\/~4\/vEqzsJMOJmk","fifu_image_alt":"<div>Euro 2021 : R\u00e9p. Tch\u00e8que - Danemark (Les compos d'\u00e9quipes)<\/div>","footnotes":""},"categories":[53,75],"tags":[],"class_list":["post-120263","post","type-post","status-publish","format-standard","hentry","category-algerie","category-sport"],"_links":{"self":[{"href":"https:\/\/linitiative.ca\/International\/wp-json\/wp\/v2\/posts\/120263","targetHints":{"allow":["GET"]}}],"collection":[{"href":"https:\/\/linitiative.ca\/International\/wp-json\/wp\/v2\/posts"}],"about":[{"href":"https:\/\/linitiative.ca\/International\/wp-json\/wp\/v2\/types\/post"}],"author":[{"embeddable":true,"href":"https:\/\/linitiative.ca\/International\/wp-json\/wp\/v2\/users\/1738"}],"replies":[{"embeddable":true,"href":"https:\/\/linitiative.ca\/International\/wp-json\/wp\/v2\/comments?post=120263"}],"version-history":[{"count":0,"href":"https:\/\/linitiative.ca\/International\/wp-json\/wp\/v2\/posts\/120263\/revisions"}],"wp:attachment":[{"href":"https:\/\/linitiative.ca\/International\/wp-json\/wp\/v2\/media?parent=120263"}],"wp:term":[{"taxonomy":"category","embeddable":true,"href":"https:\/\/linitiative.ca\/International\/wp-json\/wp\/v2\/categories?post=120263"},{"taxonomy":"post_tag","embeddable":true,"href":"https:\/\/linitiative.ca\/International\/wp-json\/wp\/v2\/tags?post=120263"}],"curies":[{"name":"wp","href":"https:\/\/api.w.org\/{rel}","templated":true}]}}