{"id":120265,"date":"2021-07-03T15:14:38","date_gmt":"2021-07-03T19:14:38","guid":{"rendered":"https:\/\/linitiative.ca\/International\/as-rome-bensebaini-dans-la-short-list-de-mourinho\/"},"modified":"2021-07-03T15:14:38","modified_gmt":"2021-07-03T19:14:38","slug":"as-rome-bensebaini-dans-la-short-list-de-mourinho","status":"publish","type":"post","link":"https:\/\/linitiative.ca\/International\/as-rome-bensebaini-dans-la-short-list-de-mourinho\/","title":{"rendered":"AS Rome: Bensebaini dans la short-list de Mourinho"},"content":{"rendered":"<div>Le joueur de l\u2019EN a brill\u00e9 la saison derni\u00e8re avec son \u00e9quipe du Borussia M\u00f6nchengladbach&#8230;<img loading=\"lazy\" decoding=\"async\" src=\"http:\/\/feeds.feedburner.com\/~r\/GalerieFArtciles\/~4\/dRSBkRZe6iQ\" height=\"1\" width=\"1\" alt=\"\"><\/div>\n<p>Auteur:<br \/>\n<a href=\"http:\/\/www.lebuteur.com\/article\/detail?titre=as-rome-bensebaini-dans-la-short-list-de-mourinho&#038;id=100532&#038;utm_source=feedburner&#038;utm_medium=feed&#038;utm_campaign=Feed%3A+GalerieFArtciles+%28Les+derniers+articles++-+lebuteur.com%29\">Cliquez ici pour lire l&rsquo;article depuis sa source.<\/a><\/p>\n","protected":false},"excerpt":{"rendered":"<p>Le joueur de l\u2019EN a brill\u00e9 la saison derni\u00e8re avec son \u00e9quipe du Borussia M\u00f6nchengladbach&#8230; Auteur: Cliquez ici pour lire l&rsquo;article depuis sa source.<\/p>\n","protected":false},"author":1738,"featured_media":0,"comment_status":"closed","ping_status":"closed","sticky":false,"template":"","format":"standard","meta":{"fifu_image_url":"http:\/\/feeds.feedburner.com\/~r\/GalerieFArtciles\/~4\/dRSBkRZe6iQ","fifu_image_alt":"AS Rome: Bensebaini dans la short-list de Mourinho","footnotes":""},"categories":[53,75],"tags":[],"class_list":["post-120265","post","type-post","status-publish","format-standard","hentry","category-algerie","category-sport"],"_links":{"self":[{"href":"https:\/\/linitiative.ca\/International\/wp-json\/wp\/v2\/posts\/120265","targetHints":{"allow":["GET"]}}],"collection":[{"href":"https:\/\/linitiative.ca\/International\/wp-json\/wp\/v2\/posts"}],"about":[{"href":"https:\/\/linitiative.ca\/International\/wp-json\/wp\/v2\/types\/post"}],"author":[{"embeddable":true,"href":"https:\/\/linitiative.ca\/International\/wp-json\/wp\/v2\/users\/1738"}],"replies":[{"embeddable":true,"href":"https:\/\/linitiative.ca\/International\/wp-json\/wp\/v2\/comments?post=120265"}],"version-history":[{"count":0,"href":"https:\/\/linitiative.ca\/International\/wp-json\/wp\/v2\/posts\/120265\/revisions"}],"wp:attachment":[{"href":"https:\/\/linitiative.ca\/International\/wp-json\/wp\/v2\/media?parent=120265"}],"wp:term":[{"taxonomy":"category","embeddable":true,"href":"https:\/\/linitiative.ca\/International\/wp-json\/wp\/v2\/categories?post=120265"},{"taxonomy":"post_tag","embeddable":true,"href":"https:\/\/linitiative.ca\/International\/wp-json\/wp\/v2\/tags?post=120265"}],"curies":[{"name":"wp","href":"https:\/\/api.w.org\/{rel}","templated":true}]}}