{"id":120268,"date":"2021-07-03T04:27:00","date_gmt":"2021-07-03T08:27:00","guid":{"rendered":"https:\/\/linitiative.ca\/International\/fmi-un-time-line-tres-serre\/"},"modified":"2021-07-03T04:27:00","modified_gmt":"2021-07-03T08:27:00","slug":"fmi-un-time-line-tres-serre","status":"publish","type":"post","link":"https:\/\/linitiative.ca\/International\/fmi-un-time-line-tres-serre\/","title":{"rendered":"FMI : Un time-line tr\u00e8s serr\u00e9"},"content":{"rendered":"<div><img decoding=\"async\" src=\"https:\/\/linitiative.ca\/International\/wp-content\/uploads\/sites\/23\/2021\/07\/1625303376_article.jpg\" alt=\"FMI : Un time-line tr\u00e8s serr\u00e9\" align=\"left\">Le conseil d\u2019administration du FMI disposera-t-il lors de sa r\u00e9union de septembre prochain du projet d\u2019accord avec la Tunisie afin de pouvoir se prononcer ? Les d\u00e9lais sont tr\u00e8s serr\u00e9s, mais Tunis ne perd pas espoir d\u2019y parvenir. Les axes des r\u00e9formes et les mesures envisag\u00e9es ont \u00e9t\u00e9 communiqu\u00e9s au Fonds, avec les \u00e9claircissements demand\u00e9s, affirme une source gouvernementale. C\u2019est ce qui permettra aux \u00e9quipes du FMI de proc\u00e9der au cadrage et \u00e0 l\u2019examen de la soutenabilit\u00e9 de la dette avant de passer \u00e0 la phase 2, pr\u00e9vue entre mi-juillet et fin ao\u00fbt. Il s\u2019agira alors d\u2019obtenir un mandat de n\u00e9gociation pour entrer en discussion avec les autorit\u00e9s &#8230;<\/p>\n<\/div>\n<p>Auteur:<br \/>\n<a href=\"https:\/\/www.leaders.com.tn\/article\/32110-fmi-un-time-line-tres-serre\">Cliquez ici pour lire l&rsquo;article depuis sa source.<\/a><\/p>\n","protected":false},"excerpt":{"rendered":"<p>Le conseil d\u2019administration du FMI disposera-t-il lors de sa r\u00e9union de septembre prochain du projet d\u2019accord avec la Tunisie afin de pouvoir se prononcer ? Les d\u00e9lais sont tr\u00e8s serr\u00e9s, mais Tunis ne perd pas espoir d\u2019y parvenir. Les axes des r\u00e9formes et les mesures envisag\u00e9es ont \u00e9t\u00e9 communiqu\u00e9s au Fonds, avec les \u00e9claircissements demand\u00e9s, [&hellip;]<\/p>\n","protected":false},"author":1772,"featured_media":0,"comment_status":"closed","ping_status":"closed","sticky":false,"template":"","format":"standard","meta":{"fifu_image_url":"http:\/\/www.leaders.com.tn\/uploads\/content\/thumbnails_small\/1625303376_article.jpg","fifu_image_alt":"FMI : Un time-line tr\u00e8s serr\u00e9","footnotes":""},"categories":[73,55],"tags":[],"class_list":["post-120268","post","type-post","status-publish","format-standard","hentry","category-actualite","category-tunisie"],"_links":{"self":[{"href":"https:\/\/linitiative.ca\/International\/wp-json\/wp\/v2\/posts\/120268","targetHints":{"allow":["GET"]}}],"collection":[{"href":"https:\/\/linitiative.ca\/International\/wp-json\/wp\/v2\/posts"}],"about":[{"href":"https:\/\/linitiative.ca\/International\/wp-json\/wp\/v2\/types\/post"}],"author":[{"embeddable":true,"href":"https:\/\/linitiative.ca\/International\/wp-json\/wp\/v2\/users\/1772"}],"replies":[{"embeddable":true,"href":"https:\/\/linitiative.ca\/International\/wp-json\/wp\/v2\/comments?post=120268"}],"version-history":[{"count":0,"href":"https:\/\/linitiative.ca\/International\/wp-json\/wp\/v2\/posts\/120268\/revisions"}],"wp:attachment":[{"href":"https:\/\/linitiative.ca\/International\/wp-json\/wp\/v2\/media?parent=120268"}],"wp:term":[{"taxonomy":"category","embeddable":true,"href":"https:\/\/linitiative.ca\/International\/wp-json\/wp\/v2\/categories?post=120268"},{"taxonomy":"post_tag","embeddable":true,"href":"https:\/\/linitiative.ca\/International\/wp-json\/wp\/v2\/tags?post=120268"}],"curies":[{"name":"wp","href":"https:\/\/api.w.org\/{rel}","templated":true}]}}