{"id":120270,"date":"2021-07-03T06:00:00","date_gmt":"2021-07-03T10:00:00","guid":{"rendered":"https:\/\/linitiative.ca\/International\/leveil-spirituel-une-expo-dart-plastique-en-faveur-des-malades-dalzheimer\/"},"modified":"2021-07-03T06:00:00","modified_gmt":"2021-07-03T10:00:00","slug":"leveil-spirituel-une-expo-dart-plastique-en-faveur-des-malades-dalzheimer","status":"publish","type":"post","link":"https:\/\/linitiative.ca\/International\/leveil-spirituel-une-expo-dart-plastique-en-faveur-des-malades-dalzheimer\/","title":{"rendered":"\u00abL&rsquo;\u00e9veil spirituel\u00bb, une expo d&rsquo;art plastique  en faveur des malades d&rsquo;Alzheimer"},"content":{"rendered":"<div>Une exposition collective d&rsquo;art plastique est organis\u00e9e \u00e0 la galerie d&rsquo;art Amendyl \u00e0 Alger au profit de l&rsquo;association nationale d&rsquo;aide aux malades d&rsquo;Alzheimer et \u00e0 leurs familles Wenesni. Sign\u00e9e<\/div>\n<p>Auteur:<br \/>\n<a href=\"https:\/\/www.lesoirdalgerie.com\/culture\/leveil-spirituel-une-expo-dart-plastique-en-faveur-des-malades-dalzheimer-63744\">Cliquez ici pour lire l&rsquo;article depuis sa source.<\/a><\/p>\n","protected":false},"excerpt":{"rendered":"<p>Une exposition collective d&rsquo;art plastique est organis\u00e9e \u00e0 la galerie d&rsquo;art Amendyl \u00e0 Alger au profit de l&rsquo;association nationale d&rsquo;aide aux malades d&rsquo;Alzheimer et \u00e0 leurs familles Wenesni. Sign\u00e9e Auteur: Cliquez ici pour lire l&rsquo;article depuis sa source.<\/p>\n","protected":false},"author":1741,"featured_media":0,"comment_status":"closed","ping_status":"closed","sticky":false,"template":"","format":"standard","meta":{"fifu_image_url":"","fifu_image_alt":"","footnotes":""},"categories":[73,53],"tags":[],"class_list":["post-120270","post","type-post","status-publish","format-standard","hentry","category-actualite","category-algerie"],"_links":{"self":[{"href":"https:\/\/linitiative.ca\/International\/wp-json\/wp\/v2\/posts\/120270","targetHints":{"allow":["GET"]}}],"collection":[{"href":"https:\/\/linitiative.ca\/International\/wp-json\/wp\/v2\/posts"}],"about":[{"href":"https:\/\/linitiative.ca\/International\/wp-json\/wp\/v2\/types\/post"}],"author":[{"embeddable":true,"href":"https:\/\/linitiative.ca\/International\/wp-json\/wp\/v2\/users\/1741"}],"replies":[{"embeddable":true,"href":"https:\/\/linitiative.ca\/International\/wp-json\/wp\/v2\/comments?post=120270"}],"version-history":[{"count":0,"href":"https:\/\/linitiative.ca\/International\/wp-json\/wp\/v2\/posts\/120270\/revisions"}],"wp:attachment":[{"href":"https:\/\/linitiative.ca\/International\/wp-json\/wp\/v2\/media?parent=120270"}],"wp:term":[{"taxonomy":"category","embeddable":true,"href":"https:\/\/linitiative.ca\/International\/wp-json\/wp\/v2\/categories?post=120270"},{"taxonomy":"post_tag","embeddable":true,"href":"https:\/\/linitiative.ca\/International\/wp-json\/wp\/v2\/tags?post=120270"}],"curies":[{"name":"wp","href":"https:\/\/api.w.org\/{rel}","templated":true}]}}