{"id":120271,"date":"2021-07-03T14:33:33","date_gmt":"2021-07-03T18:33:33","guid":{"rendered":"https:\/\/linitiative.ca\/International\/intelligence-economique-et-strategique-le-maroc-devient-une-reference-mondiale-par-mehdi-hijaouy\/"},"modified":"2021-07-03T14:33:33","modified_gmt":"2021-07-03T18:33:33","slug":"intelligence-economique-et-strategique-le-maroc-devient-une-reference-mondiale-par-mehdi-hijaouy","status":"publish","type":"post","link":"https:\/\/linitiative.ca\/International\/intelligence-economique-et-strategique-le-maroc-devient-une-reference-mondiale-par-mehdi-hijaouy\/","title":{"rendered":"Intelligence \u00e9conomique et strat\u00e9gique.    Le Maroc devient une r\u00e9f\u00e9rence mondiale [Par Mehdi Hijaouy]"},"content":{"rendered":"<div><img decoding=\"async\" width=\"1200\" height=\"800\" src=\"https:\/\/linitiative.ca\/International\/wp-content\/uploads\/sites\/23\/2021\/07\/intelligence-eco.jpg\" class=\"attachment-post-thumbnail size-post-thumbnail wp-post-image\" alt=\"\" loading=\"lazy\" srcset=\"https:\/\/linitiative.ca\/International\/wp-content\/uploads\/sites\/23\/2021\/07\/intelligence-eco.jpg 1200w, https:\/\/www.challenge.ma\/wp-content\/uploads\/2021\/07\/intelligence-eco-300x200.jpg 300w, https:\/\/www.challenge.ma\/wp-content\/uploads\/2021\/07\/intelligence-eco-1024x683.jpg 1024w, https:\/\/www.challenge.ma\/wp-content\/uploads\/2021\/07\/intelligence-eco-768x512.jpg 768w, https:\/\/www.challenge.ma\/wp-content\/uploads\/2021\/07\/intelligence-eco-360x240.jpg 360w, https:\/\/www.challenge.ma\/wp-content\/uploads\/2021\/07\/intelligence-eco-750x500.jpg 750w\" sizes=\"auto, (max-width: 1200px) 100vw, 1200px\" itemprop=\"image\">En d\u00e9cembre 2019, l\u2019Ex\u00e9cutive Master en Management strat\u00e9gique et intelligence \u00e9conomique de l\u2019Ecole de Guerre Economique (EGE) de Paris, est lanc\u00e9 pour la premi\u00e8re fois en Afrique. Rabat, capitale africaine de la culture pour la p\u00e9riode 2020-2021 et ville des lumi\u00e8res, a \u00e9t\u00e9 choisie pour abriter cette formation, compte tenu<\/div>\n<p>Auteur: challenge<br \/>\n<a href=\"https:\/\/www.challenge.ma\/intelligence-economique-et-strategique-le-maroc-devient-une-reference-mondiale-par-mehdi-hijaouy-191091\/\">Cliquez ici pour lire l&rsquo;article depuis sa source.<\/a><\/p>\n","protected":false},"excerpt":{"rendered":"<p>En d\u00e9cembre 2019, l\u2019Ex\u00e9cutive Master en Management strat\u00e9gique et intelligence \u00e9conomique de l\u2019Ecole de Guerre Economique (EGE) de Paris, est lanc\u00e9 pour la premi\u00e8re fois en Afrique. Rabat, capitale africaine de la culture pour la p\u00e9riode 2020-2021 et ville des lumi\u00e8res, a \u00e9t\u00e9 choisie pour abriter cette formation, compte tenu Auteur: challenge Cliquez ici pour [&hellip;]<\/p>\n","protected":false},"author":1787,"featured_media":0,"comment_status":"closed","ping_status":"closed","sticky":false,"template":"","format":"standard","meta":{"fifu_image_url":"https:\/\/www.challenge.ma\/wp-content\/uploads\/2021\/07\/intelligence-eco.jpg","fifu_image_alt":"Intelligence \u00e9conomique et strat\u00e9gique.    Le Maroc devient une r\u00e9f\u00e9rence mondiale [Par Mehdi Hijaouy]","footnotes":""},"categories":[78,54],"tags":[],"class_list":["post-120271","post","type-post","status-publish","format-standard","hentry","category-economie","category-maroc"],"_links":{"self":[{"href":"https:\/\/linitiative.ca\/International\/wp-json\/wp\/v2\/posts\/120271","targetHints":{"allow":["GET"]}}],"collection":[{"href":"https:\/\/linitiative.ca\/International\/wp-json\/wp\/v2\/posts"}],"about":[{"href":"https:\/\/linitiative.ca\/International\/wp-json\/wp\/v2\/types\/post"}],"author":[{"embeddable":true,"href":"https:\/\/linitiative.ca\/International\/wp-json\/wp\/v2\/users\/1787"}],"replies":[{"embeddable":true,"href":"https:\/\/linitiative.ca\/International\/wp-json\/wp\/v2\/comments?post=120271"}],"version-history":[{"count":0,"href":"https:\/\/linitiative.ca\/International\/wp-json\/wp\/v2\/posts\/120271\/revisions"}],"wp:attachment":[{"href":"https:\/\/linitiative.ca\/International\/wp-json\/wp\/v2\/media?parent=120271"}],"wp:term":[{"taxonomy":"category","embeddable":true,"href":"https:\/\/linitiative.ca\/International\/wp-json\/wp\/v2\/categories?post=120271"},{"taxonomy":"post_tag","embeddable":true,"href":"https:\/\/linitiative.ca\/International\/wp-json\/wp\/v2\/tags?post=120271"}],"curies":[{"name":"wp","href":"https:\/\/api.w.org\/{rel}","templated":true}]}}