{"id":120273,"date":"2021-07-03T15:23:02","date_gmt":"2021-07-03T19:23:02","guid":{"rendered":"https:\/\/linitiative.ca\/International\/lespagnol-abengoa-ferme-sa-filiale-abeima-mais-ne-quitte-pas-le-maroc\/"},"modified":"2021-07-03T15:23:02","modified_gmt":"2021-07-03T19:23:02","slug":"lespagnol-abengoa-ferme-sa-filiale-abeima-mais-ne-quitte-pas-le-maroc","status":"publish","type":"post","link":"https:\/\/linitiative.ca\/International\/lespagnol-abengoa-ferme-sa-filiale-abeima-mais-ne-quitte-pas-le-maroc\/","title":{"rendered":"L\u2019espagnol Abengoa ferme sa filiale Abeima mais ne quitte pas le Maroc"},"content":{"rendered":"<div><img decoding=\"async\" width=\"505\" height=\"295\" src=\"https:\/\/linitiative.ca\/International\/wp-content\/uploads\/sites\/23\/2021\/07\/Centrale-ain-beni-mathar.jpeg\" class=\"attachment-post-thumbnail size-post-thumbnail wp-post-image\" alt=\"\" loading=\"lazy\" srcset=\"https:\/\/linitiative.ca\/International\/wp-content\/uploads\/sites\/23\/2021\/07\/Centrale-ain-beni-mathar.jpeg 505w, https:\/\/www.challenge.ma\/wp-content\/uploads\/2021\/07\/Centrale-ain-beni-mathar-300x175.jpeg 300w, https:\/\/www.challenge.ma\/wp-content\/uploads\/2021\/07\/Centrale-ain-beni-mathar-360x210.jpeg 360w\" sizes=\"auto, (max-width: 505px) 100vw, 505px\" itemprop=\"image\">L\u2019espagnol Abengoa, rebat les cartes de sa pr\u00e9sence au Maroc. Quelques mois apr\u00e8s avoir mis sur rail Abengoa Operations and Maintenance (AOM Maroc), une entit\u00e9 d\u00e9di\u00e9e \u00e0 l\u2019exploitation et la maintenance de centrales solaires de production d\u2019\u00e9lectricit\u00e9 \u00e0 base d\u2019\u00e9nergies renouvelables, le groupe sp\u00e9cialis\u00e9 dans la construction et le d\u00e9veloppement<\/div>\n<p>Auteur: challenge<br \/>\n<a href=\"https:\/\/www.challenge.ma\/lespagnol-abengoa-ferme-sa-filiale-abeima-mais-ne-quitte-pas-le-maroc-191046\/\">Cliquez ici pour lire l&rsquo;article depuis sa source.<\/a><\/p>\n","protected":false},"excerpt":{"rendered":"<p>L\u2019espagnol Abengoa, rebat les cartes de sa pr\u00e9sence au Maroc. Quelques mois apr\u00e8s avoir mis sur rail Abengoa Operations and Maintenance (AOM Maroc), une entit\u00e9 d\u00e9di\u00e9e \u00e0 l\u2019exploitation et la maintenance de centrales solaires de production d\u2019\u00e9lectricit\u00e9 \u00e0 base d\u2019\u00e9nergies renouvelables, le groupe sp\u00e9cialis\u00e9 dans la construction et le d\u00e9veloppement Auteur: challenge Cliquez ici pour [&hellip;]<\/p>\n","protected":false},"author":1787,"featured_media":0,"comment_status":"closed","ping_status":"closed","sticky":false,"template":"","format":"standard","meta":{"fifu_image_url":"https:\/\/www.challenge.ma\/wp-content\/uploads\/2021\/07\/Centrale-ain-beni-mathar.jpeg","fifu_image_alt":"L\u2019espagnol Abengoa ferme sa filiale Abeima mais ne quitte pas le Maroc","footnotes":""},"categories":[78,54],"tags":[],"class_list":["post-120273","post","type-post","status-publish","format-standard","hentry","category-economie","category-maroc"],"_links":{"self":[{"href":"https:\/\/linitiative.ca\/International\/wp-json\/wp\/v2\/posts\/120273","targetHints":{"allow":["GET"]}}],"collection":[{"href":"https:\/\/linitiative.ca\/International\/wp-json\/wp\/v2\/posts"}],"about":[{"href":"https:\/\/linitiative.ca\/International\/wp-json\/wp\/v2\/types\/post"}],"author":[{"embeddable":true,"href":"https:\/\/linitiative.ca\/International\/wp-json\/wp\/v2\/users\/1787"}],"replies":[{"embeddable":true,"href":"https:\/\/linitiative.ca\/International\/wp-json\/wp\/v2\/comments?post=120273"}],"version-history":[{"count":0,"href":"https:\/\/linitiative.ca\/International\/wp-json\/wp\/v2\/posts\/120273\/revisions"}],"wp:attachment":[{"href":"https:\/\/linitiative.ca\/International\/wp-json\/wp\/v2\/media?parent=120273"}],"wp:term":[{"taxonomy":"category","embeddable":true,"href":"https:\/\/linitiative.ca\/International\/wp-json\/wp\/v2\/categories?post=120273"},{"taxonomy":"post_tag","embeddable":true,"href":"https:\/\/linitiative.ca\/International\/wp-json\/wp\/v2\/tags?post=120273"}],"curies":[{"name":"wp","href":"https:\/\/api.w.org\/{rel}","templated":true}]}}