{"id":120277,"date":"2021-07-03T15:53:48","date_gmt":"2021-07-03T19:53:48","guid":{"rendered":"https:\/\/linitiative.ca\/International\/tunisie-coronavirus-reception-de-dons-dequipements-medicaux-accordes-par-lallemagne-et-la-coree-du-sud\/"},"modified":"2021-07-03T15:53:48","modified_gmt":"2021-07-03T19:53:48","slug":"tunisie-coronavirus-reception-de-dons-dequipements-medicaux-accordes-par-lallemagne-et-la-coree-du-sud","status":"publish","type":"post","link":"https:\/\/linitiative.ca\/International\/tunisie-coronavirus-reception-de-dons-dequipements-medicaux-accordes-par-lallemagne-et-la-coree-du-sud\/","title":{"rendered":"Tunisie- Coronavirus : R\u00e9ception de dons d\u2019\u00e9quipements m\u00e9dicaux accord\u00e9s par l\u2019Allemagne et la Cor\u00e9e du Sud"},"content":{"rendered":"<div>\n<p>Le ministre de la Sant\u00e9, Faouzi Mehdi a supervis\u00e9, aujourd\u2019hui 03 juillet 2021, la r\u00e9ception d\u2019une cargaison d\u2019\u00e9quipements m\u00e9dicaux, notamment des quantit\u00e9s importantes de test rapides et de test PCR pour d\u00e9pister le Coronavirus. En effet, il s\u2019agit de dons de la part de l\u2019Allemagne et de la Cor\u00e9e du Sud, accord\u00e9s dans le cadre [\u2026]<\/p>\n<p>L\u2019article <a href=\"https:\/\/www.tunisienumerique.com\/tunisie-coronavirus-reception-de-dons-dequipements-medicaux-accordes-par-lallemagne-et-la-coree-du-sud\/\">Tunisie- Coronavirus : R\u00e9ception de dons d\u2019\u00e9quipements m\u00e9dicaux accord\u00e9s par l\u2019Allemagne et la Cor\u00e9e du Sud<\/a> est apparu en premier sur <a href=\"https:\/\/www.tunisienumerique.com\/\">Tunisie<\/a>.<\/p>\n<\/div>\n<p>Auteur: rania ben slimane<br \/>\n<a href=\"https:\/\/www.tunisienumerique.com\/tunisie-coronavirus-reception-de-dons-dequipements-medicaux-accordes-par-lallemagne-et-la-coree-du-sud\/\">Cliquez ici pour lire l&rsquo;article depuis sa source.<\/a><\/p>\n","protected":false},"excerpt":{"rendered":"<p>Le ministre de la Sant\u00e9, Faouzi Mehdi a supervis\u00e9, aujourd\u2019hui 03 juillet 2021, la r\u00e9ception d\u2019une cargaison d\u2019\u00e9quipements m\u00e9dicaux, notamment des quantit\u00e9s importantes de test rapides et de test PCR pour d\u00e9pister le Coronavirus. En effet, il s\u2019agit de dons de la part de l\u2019Allemagne et de la Cor\u00e9e du Sud, accord\u00e9s dans le cadre [&hellip;]<\/p>\n","protected":false},"author":1789,"featured_media":0,"comment_status":"closed","ping_status":"closed","sticky":false,"template":"","format":"standard","meta":{"fifu_image_url":"","fifu_image_alt":"","footnotes":""},"categories":[73,55],"tags":[],"class_list":["post-120277","post","type-post","status-publish","format-standard","hentry","category-actualite","category-tunisie"],"_links":{"self":[{"href":"https:\/\/linitiative.ca\/International\/wp-json\/wp\/v2\/posts\/120277","targetHints":{"allow":["GET"]}}],"collection":[{"href":"https:\/\/linitiative.ca\/International\/wp-json\/wp\/v2\/posts"}],"about":[{"href":"https:\/\/linitiative.ca\/International\/wp-json\/wp\/v2\/types\/post"}],"author":[{"embeddable":true,"href":"https:\/\/linitiative.ca\/International\/wp-json\/wp\/v2\/users\/1789"}],"replies":[{"embeddable":true,"href":"https:\/\/linitiative.ca\/International\/wp-json\/wp\/v2\/comments?post=120277"}],"version-history":[{"count":0,"href":"https:\/\/linitiative.ca\/International\/wp-json\/wp\/v2\/posts\/120277\/revisions"}],"wp:attachment":[{"href":"https:\/\/linitiative.ca\/International\/wp-json\/wp\/v2\/media?parent=120277"}],"wp:term":[{"taxonomy":"category","embeddable":true,"href":"https:\/\/linitiative.ca\/International\/wp-json\/wp\/v2\/categories?post=120277"},{"taxonomy":"post_tag","embeddable":true,"href":"https:\/\/linitiative.ca\/International\/wp-json\/wp\/v2\/tags?post=120277"}],"curies":[{"name":"wp","href":"https:\/\/api.w.org\/{rel}","templated":true}]}}