{"id":120279,"date":"2021-07-03T16:27:07","date_gmt":"2021-07-03T20:27:07","guid":{"rendered":"https:\/\/linitiative.ca\/International\/par-maher-ben-ghachem-mon-cher-cheikh-que-la-vie-est-belle-avec-vous\/"},"modified":"2021-07-03T16:27:07","modified_gmt":"2021-07-03T20:27:07","slug":"par-maher-ben-ghachem-mon-cher-cheikh-que-la-vie-est-belle-avec-vous","status":"publish","type":"post","link":"https:\/\/linitiative.ca\/International\/par-maher-ben-ghachem-mon-cher-cheikh-que-la-vie-est-belle-avec-vous\/","title":{"rendered":"Par Maher Ben Ghachem : Mon cher cheikh, que la vie est belle avec vous"},"content":{"rendered":"<div>\n<p>Et dire qu\u2019on vous a g\u00e2ch\u00e9 votre belle retraite \u00e0 Londres que voil\u00e0 une pseudo r\u00e9volution vous ram\u00e8ne en Tunisie avec la complicit\u00e9 d\u2019un autre Ghannouchi qui, la peur au ventre, d\u00e9cr\u00e8te le pardon pour tous les mafieux et criminels vous y incluant pour vous permettre un retour triomphal sur les \u00e9paules de vos admirateurs [\u2026]<\/p>\n<p>L\u2019article <a href=\"https:\/\/www.tunisienumerique.com\/par-maher-ben-ghachem-mon-cher-cheikh-que-la-vie-est-belle-avec-vous\/\">Par Maher Ben Ghachem : Mon cher cheikh, que la vie est belle avec vous<\/a> est apparu en premier sur <a href=\"https:\/\/www.tunisienumerique.com\/\">Tunisie<\/a>.<\/p>\n<\/div>\n<p>Auteur: Tunisie Num\u00e9rique<br \/>\n<a href=\"https:\/\/www.tunisienumerique.com\/par-maher-ben-ghachem-mon-cher-cheikh-que-la-vie-est-belle-avec-vous\/\">Cliquez ici pour lire l&rsquo;article depuis sa source.<\/a><\/p>\n","protected":false},"excerpt":{"rendered":"<p>Et dire qu\u2019on vous a g\u00e2ch\u00e9 votre belle retraite \u00e0 Londres que voil\u00e0 une pseudo r\u00e9volution vous ram\u00e8ne en Tunisie avec la complicit\u00e9 d\u2019un autre Ghannouchi qui, la peur au ventre, d\u00e9cr\u00e8te le pardon pour tous les mafieux et criminels vous y incluant pour vous permettre un retour triomphal sur les \u00e9paules de vos admirateurs [&hellip;]<\/p>\n","protected":false},"author":1789,"featured_media":0,"comment_status":"closed","ping_status":"closed","sticky":false,"template":"","format":"standard","meta":{"fifu_image_url":"","fifu_image_alt":"","footnotes":""},"categories":[73,55],"tags":[],"class_list":["post-120279","post","type-post","status-publish","format-standard","hentry","category-actualite","category-tunisie"],"_links":{"self":[{"href":"https:\/\/linitiative.ca\/International\/wp-json\/wp\/v2\/posts\/120279","targetHints":{"allow":["GET"]}}],"collection":[{"href":"https:\/\/linitiative.ca\/International\/wp-json\/wp\/v2\/posts"}],"about":[{"href":"https:\/\/linitiative.ca\/International\/wp-json\/wp\/v2\/types\/post"}],"author":[{"embeddable":true,"href":"https:\/\/linitiative.ca\/International\/wp-json\/wp\/v2\/users\/1789"}],"replies":[{"embeddable":true,"href":"https:\/\/linitiative.ca\/International\/wp-json\/wp\/v2\/comments?post=120279"}],"version-history":[{"count":0,"href":"https:\/\/linitiative.ca\/International\/wp-json\/wp\/v2\/posts\/120279\/revisions"}],"wp:attachment":[{"href":"https:\/\/linitiative.ca\/International\/wp-json\/wp\/v2\/media?parent=120279"}],"wp:term":[{"taxonomy":"category","embeddable":true,"href":"https:\/\/linitiative.ca\/International\/wp-json\/wp\/v2\/categories?post=120279"},{"taxonomy":"post_tag","embeddable":true,"href":"https:\/\/linitiative.ca\/International\/wp-json\/wp\/v2\/tags?post=120279"}],"curies":[{"name":"wp","href":"https:\/\/api.w.org\/{rel}","templated":true}]}}