{"id":120281,"date":"2021-07-03T17:22:17","date_gmt":"2021-07-03T21:22:17","guid":{"rendered":"https:\/\/linitiative.ca\/International\/tunisie-voila-comment-on-gaspille-lenergie-et-les-moyens-de-letat-dans-la-lutte-contre-le-covid\/"},"modified":"2021-07-03T17:22:17","modified_gmt":"2021-07-03T21:22:17","slug":"tunisie-voila-comment-on-gaspille-lenergie-et-les-moyens-de-letat-dans-la-lutte-contre-le-covid","status":"publish","type":"post","link":"https:\/\/linitiative.ca\/International\/tunisie-voila-comment-on-gaspille-lenergie-et-les-moyens-de-letat-dans-la-lutte-contre-le-covid\/","title":{"rendered":"Tunisie \u2013 Voil\u00e0 comment on gaspille l\u2019\u00e9nergie et les moyens de l\u2019Etat dans la lutte contre le covid"},"content":{"rendered":"<div>\n<p>Le pr\u00e9sident de la R\u00e9publique, Ka\u00efs Sa\u00efed, a convoqu\u00e9, ce soir, au plais de Carthage, les hauts responsables s\u00e9curitaires et militaires, notamment, le directeur de la sant\u00e9 militaire, pour une r\u00e9union en rapport avec l\u2019\u00e9volution de la crise du covid dans le pays, selon un communiqu\u00e9 de la pr\u00e9sidence. Une r\u00e9union concernant la gestion du [\u2026]<\/p>\n<p>L\u2019article <a href=\"https:\/\/www.tunisienumerique.com\/tunisie-voila-comment-on-gaspille-lenergie-et-les-moyens-de-letat-dans-la-lutte-contre-le-covid\/\">Tunisie \u2013 Voil\u00e0 comment on gaspille l\u2019\u00e9nergie et les moyens de l\u2019Etat dans la lutte contre le covid<\/a> est apparu en premier sur <a href=\"https:\/\/www.tunisienumerique.com\/\">Tunisie<\/a>.<\/p>\n<\/div>\n<p>Auteur: LM<br \/>\n<a href=\"https:\/\/www.tunisienumerique.com\/tunisie-voila-comment-on-gaspille-lenergie-et-les-moyens-de-letat-dans-la-lutte-contre-le-covid\/\">Cliquez ici pour lire l&rsquo;article depuis sa source.<\/a><\/p>\n","protected":false},"excerpt":{"rendered":"<p>Le pr\u00e9sident de la R\u00e9publique, Ka\u00efs Sa\u00efed, a convoqu\u00e9, ce soir, au plais de Carthage, les hauts responsables s\u00e9curitaires et militaires, notamment, le directeur de la sant\u00e9 militaire, pour une r\u00e9union en rapport avec l\u2019\u00e9volution de la crise du covid dans le pays, selon un communiqu\u00e9 de la pr\u00e9sidence. Une r\u00e9union concernant la gestion du [&hellip;]<\/p>\n","protected":false},"author":1789,"featured_media":0,"comment_status":"closed","ping_status":"closed","sticky":false,"template":"","format":"standard","meta":{"fifu_image_url":"","fifu_image_alt":"","footnotes":""},"categories":[73,55],"tags":[],"class_list":["post-120281","post","type-post","status-publish","format-standard","hentry","category-actualite","category-tunisie"],"_links":{"self":[{"href":"https:\/\/linitiative.ca\/International\/wp-json\/wp\/v2\/posts\/120281","targetHints":{"allow":["GET"]}}],"collection":[{"href":"https:\/\/linitiative.ca\/International\/wp-json\/wp\/v2\/posts"}],"about":[{"href":"https:\/\/linitiative.ca\/International\/wp-json\/wp\/v2\/types\/post"}],"author":[{"embeddable":true,"href":"https:\/\/linitiative.ca\/International\/wp-json\/wp\/v2\/users\/1789"}],"replies":[{"embeddable":true,"href":"https:\/\/linitiative.ca\/International\/wp-json\/wp\/v2\/comments?post=120281"}],"version-history":[{"count":0,"href":"https:\/\/linitiative.ca\/International\/wp-json\/wp\/v2\/posts\/120281\/revisions"}],"wp:attachment":[{"href":"https:\/\/linitiative.ca\/International\/wp-json\/wp\/v2\/media?parent=120281"}],"wp:term":[{"taxonomy":"category","embeddable":true,"href":"https:\/\/linitiative.ca\/International\/wp-json\/wp\/v2\/categories?post=120281"},{"taxonomy":"post_tag","embeddable":true,"href":"https:\/\/linitiative.ca\/International\/wp-json\/wp\/v2\/tags?post=120281"}],"curies":[{"name":"wp","href":"https:\/\/api.w.org\/{rel}","templated":true}]}}