{"id":120283,"date":"2021-07-03T13:20:24","date_gmt":"2021-07-03T17:20:24","guid":{"rendered":"https:\/\/linitiative.ca\/International\/marche-meeting-de-lopposition-politique-appel-a-lorganisation-des-assises-nationales-sur-la-securite\/"},"modified":"2021-07-03T13:20:24","modified_gmt":"2021-07-03T17:20:24","slug":"marche-meeting-de-lopposition-politique-appel-a-lorganisation-des-assises-nationales-sur-la-securite","status":"publish","type":"post","link":"https:\/\/linitiative.ca\/International\/marche-meeting-de-lopposition-politique-appel-a-lorganisation-des-assises-nationales-sur-la-securite\/","title":{"rendered":"Marche-meeting de l\u2019Opposition politique\u00a0: Appel \u00e0 l\u2019organisation des assises nationales sur la s\u00e9curit\u00e9"},"content":{"rendered":"<div>\n<p><strong>L\u2019Opposition politique a organis\u00e9 une marche-meeting, le samedi 3 juillet 2021, \u00e0 Ouagadougou, afin de demander au gouvernement de prendre des mesures \u00ab\u00a0<em>fortes<\/em>\u00a0\u00bb pour ramener la paix et la s\u00e9curit\u00e9 au Burkina Faso. <\/strong><\/p>\n<p>Les militants et sympathisants des partis politiques de l\u2019opposition et des Organisations de la soci\u00e9t\u00e9 civile ont r\u00e9pondu \u00e0 l\u2019appel de la marche-meeting du Chef de file de l\u2019opposition politique (CFOP), le samedi 3 juillet 2021, \u00e0 Ouagadougou. Rassembl\u00e9s \u00e0 la place de la Nation, les manifestants ont parcouru l\u2019itin\u00e9raire\u00a0: place de la Nation, rond-point des Cin\u00e9astes, rue de la Cath\u00e9drale, avenue Kwam\u00e9 N\u2019Krumah, rond-point des Nations unies avant de rallier le point de d\u00e9part. Ils \u00e9taient \u00e9galement munis de sifflets, de couleurs nationales et de pancartes o\u00f9 on pouvait lire\u00a0: \u00ab\u00a0<em>Papa Roch, vous \u00eates responsables de la s\u00e9curit\u00e9 de tous les Burkinab\u00e8<\/em>\u00a0\u00bb, \u00ab\u00a0<em>Compassion et solidarit\u00e9 \u00e0 toutes les victimes du terrorisme<\/em>\u00a0\u00bb, \u00ab\u00a0<em>En marche pour la paix et la bonne gouvernance<\/em>\u00a0\u00bb, \u00ab\u00a0<em>A bas le terrorisme<\/em>\u00a0\u00bb, \u00ab\u00a0<em>Trop, c\u2019est trop<\/em>\u00a0\u00bb, etc.<\/p>\n<p><img decoding=\"async\" loading=\"lazy\" class=\"alignnone  wp-image-37207\" src=\"https:\/\/linitiative.ca\/International\/wp-content\/uploads\/sites\/23\/2021\/07\/1-3-300x200-1.jpg\" alt=\"\" width=\"488\" height=\"325\" srcset=\"https:\/\/linitiative.ca\/International\/wp-content\/uploads\/sites\/23\/2021\/07\/1-3-300x200-1.jpg 300w, https:\/\/www.sidwaya.info\/wp-content\/uploads\/2021\/07\/1-3-150x100.jpg 150w, https:\/\/www.sidwaya.info\/wp-content\/uploads\/2021\/07\/1-3.jpg 500w\" sizes=\"auto, (max-width: 488px) 100vw, 488px\">Selon le CFOP, Eddie Kombo\u00efgo, l\u2019opposition politique a battu le pav\u00e9 pour montrer \u00e0 la communaut\u00e9 nationale et internationale qu\u2019elle ne veut plus qu\u2019un seul Burkinab\u00e8 tombe \u00e0 cause du terrorisme. Par cette marche, \u00e0 l\u2019en croire, les cris et les pleurs des veuves et des orphelins du Burkina Faso vont raisonner jusqu\u2019aux portes du palais de Koysam. \u00ab\u00a0<em>De Dori \u00e0 Kampti, de D\u00e9dougou \u00e0 Di\u00e9bougou, de Bobo \u00e0 Tenkodogo, de Ouagadougou \u00e0 Diapaga et partout ailleurs au Burkina Faso, les populations ont d\u00e9cid\u00e9 de manifester dans les 45 provinces, les 3 et 4 juillet pour protester contre l\u2019aggravation de la situation s\u00e9curitaire dans notre pays<\/em>\u00a0\u00bb, a-t-il indiqu\u00e9. Aux dires de M. Kombo\u00efgo, pendant le premier mandant de Roch Marc Christian Kabor\u00e9, 1\u00a0300 morts et 1,2 millions de d\u00e9plac\u00e9s internes ont \u00e9t\u00e9 officiellement d\u00e9nombr\u00e9s.<\/p>\n<p>\u00ab\u00a0<em>Il est \u00e0 craindre que le second mandat ne soit pire que le premier, car depuis le d\u00e9but de cette ann\u00e9e, nous sommes d\u00e9j\u00e0 \u00e0 plus de 500 morts<\/em>\u00a0\u00bb, a-t-il d\u00e9plor\u00e9 avant de relever que le pr\u00e9sident Kabor\u00e9 a jur\u00e9 de prot\u00e9ger la vie de tous les Burkinab\u00e8 et de d\u00e9fendre l\u2019int\u00e9grit\u00e9 du territoire national. Le r\u00e9sultat de la lutte contre le terrorisme, foi de Eddie Kombo\u00efgo, est \u00ab\u00a0<em>catastrophique<\/em>\u00a0\u00bb. Or, a-t-il fait savoir, sans paix, ni s\u00e9curit\u00e9, aucune action de d\u00e9veloppement n\u2019est envisageable. \u00ab\u00a0<em>Sans paix, ni s\u00e9curit\u00e9, tout espoir pour les d\u00e9plac\u00e9s internes de retrouver leurs villages, leurs domiciles et leurs champs, serait illusoire. Sans paix, ni s\u00e9curit\u00e9, aucune am\u00e9lioration des conditions des travailleurs ne serait possible<\/em>\u00a0\u00bb, a-t-il soutenu.<\/p>\n<p><strong>La plateforme revendicative de l\u2019opposition<\/strong><\/p>\n<p><img decoding=\"async\" loading=\"lazy\" class=\"alignnone  wp-image-37208\" src=\"https:\/\/linitiative.ca\/International\/wp-content\/uploads\/sites\/23\/2021\/07\/2-2-300x200-1.jpg\" alt=\"\" width=\"539\" height=\"359\" srcset=\"https:\/\/linitiative.ca\/International\/wp-content\/uploads\/sites\/23\/2021\/07\/2-2-300x200-1.jpg 300w, https:\/\/www.sidwaya.info\/wp-content\/uploads\/2021\/07\/2-2-150x100.jpg 150w, https:\/\/www.sidwaya.info\/wp-content\/uploads\/2021\/07\/2-2.jpg 500w\" sizes=\"auto, (max-width: 539px) 100vw, 539px\">Par rapport au r\u00e9cent remaniement minist\u00e9riel, le pr\u00e9sident du CDP a confi\u00e9 que l\u2019Opposition politique prend acte de la d\u00e9cision du chef de l\u2019Etat d\u2019assumer lui-m\u00eame les fonctions de ministre de la D\u00e9fense. Elle salue \u00e9galement la nomination d\u2019un militaire pour l\u2019assister dans ses fonctions. \u00ab\u00a0<em>L\u2019opposition r\u00e9it\u00e8re sa disponibilit\u00e9 pour discuter de toutes les questions relatives \u00e0 la s\u00e9curit\u00e9 de notre pays et appelle \u00e0 l\u2019organisation urgente des assises nationales sur la s\u00e9curit\u00e9<\/em>\u00a0\u00bb, a-t-il invit\u00e9. Au regard des \u00ab\u00a0<em>cons\u00e9quences socio-\u00e9conomiques\u00a0dramatiques<\/em>\u00a0\u00bb du terrorisme, \u00e0 entendre le CFOP, l\u2019opposition politique a consign\u00e9 dix points dans une plateforme revendicative \u00e0 transmettre au pr\u00e9sident du Faso. Il s\u2019agit, entre autres, de la dotation cons\u00e9quente dans l\u2019urgence des Forces de d\u00e9fense et de s\u00e9curit\u00e9 en mat\u00e9riels ad\u00e9quats notamment des a\u00e9ronefs capables d\u2019op\u00e9rer la nuit, la mise en place d\u2019un fonds sp\u00e9cial pour une aide d\u2019urgence aux d\u00e9plac\u00e9s internes, l\u2019op\u00e9rationnalisation effective des mesures d\u2019accompagnement en faveur des veuves et des orphelins des FDS et des familles des VDP tomb\u00e9s au front, la prise de mesures exceptionnelles pour faire appel \u00e0 toute personne qualifi\u00e9e pour renforcer les effectifs des FDS sans coloration politique. Une minute de silence a \u00e9t\u00e9 observ\u00e9e \u00e0 la m\u00e9moire des victimes des attaques terroristes au <em>pays des Hommes int\u00e8gres<\/em>.<\/p>\n<p><strong>Timoth\u00e9e SOME<\/strong><\/p>\n<p><strong>timothesom@yahoo.fr<\/strong><\/p>\n<p>L\u2019article <a rel=\"nofollow\" href=\"https:\/\/www.sidwaya.info\/blog\/2021\/07\/03\/marche-meeting-de-lopposition-politique-appel-a-lorganisation-des-assises-nationales-sur-la-securite\/\">Marche-meeting de l\u2019Opposition politique\u00a0: Appel \u00e0 l\u2019organisation des assises nationales sur la s\u00e9curit\u00e9<\/a> est apparu en premier sur <a rel=\"nofollow\" href=\"https:\/\/www.sidwaya.info\/\">Quotidien Sidwaya<\/a>.<\/p>\n<\/div>\n<p>Auteur: Wamini SIDWAYA<br \/>\n<a href=\"https:\/\/www.sidwaya.info\/blog\/2021\/07\/03\/marche-meeting-de-lopposition-politique-appel-a-lorganisation-des-assises-nationales-sur-la-securite\/\">Cliquez ici pour lire l&rsquo;article depuis sa source.<\/a><\/p>\n","protected":false},"excerpt":{"rendered":"<p>L\u2019Opposition politique a organis\u00e9 une marche-meeting, le samedi 3 juillet 2021, \u00e0 Ouagadougou, afin de demander au gouvernement de prendre des mesures \u00ab\u00a0fortes\u00a0\u00bb pour ramener la paix et la s\u00e9curit\u00e9 au Burkina Faso. Les militants et sympathisants des partis politiques de l\u2019opposition et des Organisations de la soci\u00e9t\u00e9 civile ont r\u00e9pondu \u00e0 l\u2019appel de la [&hellip;]<\/p>\n","protected":false},"author":1816,"featured_media":0,"comment_status":"closed","ping_status":"closed","sticky":false,"template":"","format":"standard","meta":{"fifu_image_url":"https:\/\/www.sidwaya.info\/wp-content\/uploads\/2021\/07\/1-3-300x200.jpg","fifu_image_alt":"Marche-meeting de l\u2019Opposition politique\u00a0: Appel \u00e0 l\u2019organisation des assises nationales sur la s\u00e9curit\u00e9","footnotes":""},"categories":[73,81],"tags":[],"class_list":["post-120283","post","type-post","status-publish","format-standard","hentry","category-actualite","category-burkina-faso"],"_links":{"self":[{"href":"https:\/\/linitiative.ca\/International\/wp-json\/wp\/v2\/posts\/120283","targetHints":{"allow":["GET"]}}],"collection":[{"href":"https:\/\/linitiative.ca\/International\/wp-json\/wp\/v2\/posts"}],"about":[{"href":"https:\/\/linitiative.ca\/International\/wp-json\/wp\/v2\/types\/post"}],"author":[{"embeddable":true,"href":"https:\/\/linitiative.ca\/International\/wp-json\/wp\/v2\/users\/1816"}],"replies":[{"embeddable":true,"href":"https:\/\/linitiative.ca\/International\/wp-json\/wp\/v2\/comments?post=120283"}],"version-history":[{"count":0,"href":"https:\/\/linitiative.ca\/International\/wp-json\/wp\/v2\/posts\/120283\/revisions"}],"wp:attachment":[{"href":"https:\/\/linitiative.ca\/International\/wp-json\/wp\/v2\/media?parent=120283"}],"wp:term":[{"taxonomy":"category","embeddable":true,"href":"https:\/\/linitiative.ca\/International\/wp-json\/wp\/v2\/categories?post=120283"},{"taxonomy":"post_tag","embeddable":true,"href":"https:\/\/linitiative.ca\/International\/wp-json\/wp\/v2\/tags?post=120283"}],"curies":[{"name":"wp","href":"https:\/\/api.w.org\/{rel}","templated":true}]}}