{"id":120290,"date":"2021-07-03T12:18:02","date_gmt":"2021-07-03T16:18:02","guid":{"rendered":"https:\/\/linitiative.ca\/International\/reseaux-sociaux-la-jeunesse-musulmane-ivoirienne-installe-un-comite-de-suivi\/"},"modified":"2021-07-03T12:18:02","modified_gmt":"2021-07-03T16:18:02","slug":"reseaux-sociaux-la-jeunesse-musulmane-ivoirienne-installe-un-comite-de-suivi","status":"publish","type":"post","link":"https:\/\/linitiative.ca\/International\/reseaux-sociaux-la-jeunesse-musulmane-ivoirienne-installe-un-comite-de-suivi\/","title":{"rendered":"R\u00e9seaux sociaux: la jeunesse musulmane ivoirienne installe un Comit\u00e9 de suivi"},"content":{"rendered":"<div>\n<p><img loading=\"lazy\" decoding=\"async\" width=\"1025\" height=\"683\" src=\"https:\/\/linitiative.ca\/International\/wp-content\/uploads\/sites\/23\/2021\/07\/16253290873278.jpg\" class=\"attachment-post-thumbnail size-post-thumbnail wp-post-image\" alt=\"\" srcset=\"https:\/\/linitiative.ca\/International\/wp-content\/uploads\/sites\/23\/2021\/07\/16253290873278.jpg 1025w, https:\/\/www.journalducameroun.com\/wp-content\/uploads\/2021\/07\/16253290873278-300x200.jpg 300w, https:\/\/www.journalducameroun.com\/wp-content\/uploads\/2021\/07\/16253290873278-768x512.jpg 768w, https:\/\/www.journalducameroun.com\/wp-content\/uploads\/2021\/07\/16253290873278-1024x682.jpg 1024w, https:\/\/www.journalducameroun.com\/wp-content\/uploads\/2021\/07\/16253290873278-660x440.jpg 660w, https:\/\/www.journalducameroun.com\/wp-content\/uploads\/2021\/07\/16253290873278-600x400.jpg 600w\" sizes=\"auto, (max-width: 1025px) 100vw, 1025px\"><\/p>\n<p>Les organisations des jeunes musulmans en C\u00f4te d&rsquo;Ivoire ont install\u00e9 samedi \u00e0 Cocody, dans l&rsquo;Est d&rsquo;Abidjan, un Comit\u00e9 de suivi de leur Charte de bonne conduite d&rsquo;utilisation des r\u00e9seaux sociaux, lors d&rsquo;une rencontre.<\/p>\n<p>Ce Comit\u00e9 de suivi, comprenant 11 membres conna\u00eetra une pr\u00e9sidence tournante, d&rsquo;une p\u00e9riode de deux mois. La premi\u00e8re organisation charg\u00e9e d&rsquo;assurer le suivi de la charte est l&rsquo;Association des \u00e9l\u00e8ves et \u00e9tudiants musulmans de C\u00f4te d&rsquo;Ivoire (AEEMCI), du 5 juillet au 5 septembre 2021.<\/p>\n<p>L&rsquo;organe mis en place en pr\u00e9sence des guides de la communaut\u00e9 musulmane en C\u00f4te d&rsquo;Ivoire, est notamment anim\u00e9 par les repr\u00e9sentants de l&rsquo;ensemble des groupes partenaires, chaque groupe devant d\u00e9signer un point focal pour int\u00e9grer le Comit\u00e9.<\/p>\n<p>A\u00efchatou Zongo, vice-amirate de l&rsquo;AEEMCI, repr\u00e9sentant l&rsquo;organisation, a laiss\u00e9 entendre que c&rsquo;est une \u00ab\u00a0fiert\u00e9\u00a0\u00bb pour cette entit\u00e9 islamique d&rsquo;assurer la pr\u00e9sidence du Comit\u00e9 de suivi de la Charte de la bonne conduite sur les r\u00e9seaux sociaux.<\/p>\n<p>\u00ab\u00a0C&rsquo;est une lourde responsabilit\u00e9 qu&rsquo;on a, au regard de la Charte et de son objectif, nous nous ferons fort de vulgariser la Charte et d&rsquo;amener tous les militants de nos structures \u00e0 s&rsquo;inscrire dans ce canevas afin d&rsquo;\u00e9viter les fake news\u00a0\u00bb, a dit A\u00efchatou Zongo \u00e0 APA.<\/p>\n<p>Le repr\u00e9sentant du ministre de la Communication, des m\u00e9dias et de la Francophonie, Guillaume Beda, s&rsquo;est f\u00e9licit\u00e9 de cette initiative qui permet d'\u00a0\u00bbencadrer l&rsquo;utilisation des r\u00e9seaux sociaux\u00a0\u00bb, o\u00f9 l&rsquo;on constate de plus en plus des d\u00e9rives langagi\u00e8res et la diffusion \u00e0 profusion des fake news.<\/p>\n<p>M. Beda a annonc\u00e9, l&rsquo;organisation par le minist\u00e8re de la Communication, des m\u00e9dias et de la Francophonie, d&rsquo;une grande campagne de sensibilisation contre les fake news, qui devrait d\u00e9marrer dans les jours \u00e0 venir.<\/p>\n<p>Sur la question de l&rsquo;utilisation des r\u00e9seaux sociaux, plusieurs responsables avertis de la communaut\u00e9 ont prodigu\u00e9 des conseils \u00e0 plusieurs dizaines de jeunes venus participer au lancement de la plateforme de suivi.<\/p>\n<p>Le pr\u00e9sident du R\u00e9seau des professionnels de la presse en ligne de C\u00f4te d&rsquo;Ivoire (Repprelci), M. Lassina Serm\u00e9, a exhort\u00e9 les utilisateurs des r\u00e9seaux sociaux \u00e0 v\u00e9rifier les informations ainsi que les images et les vid\u00e9os avant de les diffuser ou les relayer.<\/p>\n<p>\u00ab\u00a0Quand nous avons une information\u00a0\u00bb, insistera-t-il, \u00ab\u00a0il faut se poser la question, quelle est la source de ce message m\u00eame s&rsquo;il y a des \u00e9l\u00e9ments qui semblent \u00eatre pertinents?\u00a0\u00bb, tout en proposant des outils de v\u00e9rification tels Google Images et TinEye.<\/p>\n<p>Le journaliste t\u00e9l\u00e9 Ali Diarrassouba, directeur de l&rsquo;Information \u00e0 NCI, a conseill\u00e9 d&rsquo;interroger les sources l\u00e9gales et rechercher la version des autorit\u00e9s comp\u00e9tentes qui sont dignes de foi, au risque de se laisser emballer par les laboratoires de fake news.<\/p>\n<p>L&rsquo;imam Ciss\u00e9 Djiguiba, directeur g\u00e9n\u00e9ral du Groupe de presse confessionnelle Al-bayane, a soulign\u00e9 que \u00ab\u00a0la parole (la communication) est une responsabilit\u00e9, un engagement et un t\u00e9moignage\u00a0\u00bb. De ce fait, l&rsquo;on doit avoir une \u00ab\u00a0source s\u00fbre\u00a0\u00bb avant de la lib\u00e9rer.<\/p>\n<p>Quant \u00e0 l&rsquo;imam Hamidou Berth\u00e9, il a \u00e9voqu\u00e9 la position de l&rsquo;islam, faisant savoir que le croyant ne devrait pas se prononcer ou sp\u00e9culer dans ce dont il \u00ab\u00a0n&rsquo;a pas de connaissance, puisque l&rsquo;oreille qui entend, l&rsquo;oeil qui regarde et la conscience qui approuve feront l&rsquo;objet d&rsquo;un compte \u00e0 rendre devant Allah le jour du jugement\u00a0\u00bb.<\/p>\n<p>L&rsquo;Imam Moustapha Soumahoro, repr\u00e9sentant du Cheikh Ousmane Diakit\u00e9, pr\u00e9sident du Conseil sup\u00e9rieur des imans, des mosqu\u00e9es et des affaires islamiques (Cosim), a salu\u00e9 cette initiative des jeunes musulmans, tout en insinuant que le v\u00e9ritable croyant doit contr\u00f4ler son langage.<\/p>\n<p>Il a d&rsquo;ailleurs annonc\u00e9 qu&rsquo;un D\u00e9partement charg\u00e9 de la Promotion de la jeunesse vient d&rsquo;\u00eatre cr\u00e9\u00e9 au sein du Cosim avec comme responsable le professeur Yaya Karamoko, assist\u00e9 de Amadou Diao pour prendre en compte les pr\u00e9occupations de la jeunesse.<\/p>\n<p>Trente et neuf organisations de la jeunesse musulmane en C\u00f4te d&rsquo;Ivoire dont des forums de large audience ont sign\u00e9 le 3 avril 2021 \u00e0 Abidjan une Charte de bonne conduite d&rsquo;utilisation des r\u00e9seaux sociaux, \u00e0 l&rsquo;issue d&rsquo;une rencontre.<\/p>\n<p>Le projet d&rsquo;\u00e9tablissement de la Charte de bonne conduite d&rsquo;utilisation des r\u00e9seaux sociaux, a \u00e9t\u00e9 initi\u00e9 par la Fondation R\u00e9veil des c\u0153urs, en partenariat avec les structures m\u00e8res de la jeunesse musulmane, y compris des forums musulmans.<\/p>\n<p>La Charte s&rsquo;appuie notamment sur le Coran, la Sunna du Proph\u00e8te Mouhamad (Paix et Salut d&rsquo;Allah sur Lui), ainsi que sur la l\u00e9gislation nationale ivoirienne, et les conventions internationales relatives aux droits de l&rsquo;Homme et \u00e0 la communication.\u00a0<\/p>\n<p>Cet article <a rel=\"nofollow\" href=\"https:\/\/www.journalducameroun.com\/reseaux-sociaux-la-jeunesse-musulmane-ivoirienne-installe-un-comite-de-suivi\/\">R\u00e9seaux sociaux: la jeunesse musulmane ivoirienne installe un Comit\u00e9 de suivi<\/a> est apparu en premier sur <a rel=\"nofollow\" href=\"https:\/\/www.journalducameroun.com\/\">Journal du Cameroun<\/a>.<\/p>\n<\/div>\n<p>Auteur: APA News<br \/>\n<a href=\"https:\/\/www.journalducameroun.com\/reseaux-sociaux-la-jeunesse-musulmane-ivoirienne-installe-un-comite-de-suivi\/\">Cliquez ici pour lire l&rsquo;article depuis sa source.<\/a><\/p>\n","protected":false},"excerpt":{"rendered":"<p>Les organisations des jeunes musulmans en C\u00f4te d&rsquo;Ivoire ont install\u00e9 samedi \u00e0 Cocody, dans l&rsquo;Est d&rsquo;Abidjan, un Comit\u00e9 de suivi de leur Charte de bonne conduite d&rsquo;utilisation des r\u00e9seaux sociaux, lors d&rsquo;une rencontre. Ce Comit\u00e9 de suivi, comprenant 11 membres conna\u00eetra une pr\u00e9sidence tournante, d&rsquo;une p\u00e9riode de deux mois. La premi\u00e8re organisation charg\u00e9e d&rsquo;assurer le [&hellip;]<\/p>\n","protected":false},"author":1965,"featured_media":0,"comment_status":"closed","ping_status":"closed","sticky":false,"template":"","format":"standard","meta":{"fifu_image_url":"https:\/\/www.journalducameroun.com\/wp-content\/uploads\/2021\/07\/16253290873278.jpg","fifu_image_alt":"R\u00e9seaux sociaux: la jeunesse musulmane ivoirienne installe un Comit\u00e9 de suivi","footnotes":""},"categories":[73,82],"tags":[],"class_list":["post-120290","post","type-post","status-publish","format-standard","hentry","category-actualite","category-cameroun"],"_links":{"self":[{"href":"https:\/\/linitiative.ca\/International\/wp-json\/wp\/v2\/posts\/120290","targetHints":{"allow":["GET"]}}],"collection":[{"href":"https:\/\/linitiative.ca\/International\/wp-json\/wp\/v2\/posts"}],"about":[{"href":"https:\/\/linitiative.ca\/International\/wp-json\/wp\/v2\/types\/post"}],"author":[{"embeddable":true,"href":"https:\/\/linitiative.ca\/International\/wp-json\/wp\/v2\/users\/1965"}],"replies":[{"embeddable":true,"href":"https:\/\/linitiative.ca\/International\/wp-json\/wp\/v2\/comments?post=120290"}],"version-history":[{"count":0,"href":"https:\/\/linitiative.ca\/International\/wp-json\/wp\/v2\/posts\/120290\/revisions"}],"wp:attachment":[{"href":"https:\/\/linitiative.ca\/International\/wp-json\/wp\/v2\/media?parent=120290"}],"wp:term":[{"taxonomy":"category","embeddable":true,"href":"https:\/\/linitiative.ca\/International\/wp-json\/wp\/v2\/categories?post=120290"},{"taxonomy":"post_tag","embeddable":true,"href":"https:\/\/linitiative.ca\/International\/wp-json\/wp\/v2\/tags?post=120290"}],"curies":[{"name":"wp","href":"https:\/\/api.w.org\/{rel}","templated":true}]}}