{"id":120294,"date":"2021-07-03T15:18:01","date_gmt":"2021-07-03T19:18:01","guid":{"rendered":"https:\/\/linitiative.ca\/International\/covid-19-maroc-plus-de-10-millions-de-personnes-vaccinees\/"},"modified":"2021-07-03T15:18:01","modified_gmt":"2021-07-03T19:18:01","slug":"covid-19-maroc-plus-de-10-millions-de-personnes-vaccinees","status":"publish","type":"post","link":"https:\/\/linitiative.ca\/International\/covid-19-maroc-plus-de-10-millions-de-personnes-vaccinees\/","title":{"rendered":"Covid-19\/Maroc : Plus de 10 millions de personnes vaccin\u00e9es"},"content":{"rendered":"<div>\n<p><img loading=\"lazy\" decoding=\"async\" width=\"275\" height=\"183\" src=\"https:\/\/linitiative.ca\/International\/wp-content\/uploads\/sites\/23\/2021\/07\/16253398827579.jpg\" class=\"attachment-post-thumbnail size-post-thumbnail wp-post-image\" alt=\"\"><\/p>\n<p>Le nombre de personnes ayant re\u00e7u la premi\u00e8re dose du vaccin contre la Covid-19 au Maroc s&rsquo;\u00e9l\u00e8ve \u00e0 10.064.283, alors que 9.161.960 personnes se sont vu administrer la deuxi\u00e8me dose, a indiqu\u00e9 samedi le minist\u00e8re de la Sant\u00e9.Lanc\u00e9e le 28 janvier dernier, la campagne de vaccination est une op\u00e9ration gratuite pour l&rsquo;ensemble des citoyens avec comme objectif d&rsquo;immuniser 80% de la population, de r\u00e9duire puis \u00e9liminer les cas de contamination et de d\u00e9c\u00e8s dus \u00e0 l&rsquo;\u00e9pid\u00e9mie et de contenir la propagation du virus.<\/p>\n<p>Pour ce qui est de la situation \u00e9pid\u00e9miologique, le Royaume a enregistr\u00e9, 951 nouvelles infections \u00e0 la Covid en 24 heures, portant ainsi le bilan \u00e0 533.945 cas confirm\u00e9s, a pr\u00e9cis\u00e9 le minist\u00e8re de la Sant\u00e9 dans son bulletin quotidien.<\/p>\n<p>Le nombre de d\u00e9c\u00e8s s&rsquo;est \u00e9tabli, quant \u00e0 lui, \u00e0 9.315 (+8), alors que les personnes gu\u00e9ries sont au nombre de 519.139 (+498), selon le minist\u00e8re.<\/p>\n<p>Cet article <a rel=\"nofollow\" href=\"https:\/\/www.journalducameroun.com\/covid-19-maroc-plus-de-10-millions-de-personnes-vaccinees\/\">Covid-19\/Maroc : Plus de 10 millions de personnes vaccin\u00e9es<\/a> est apparu en premier sur <a rel=\"nofollow\" href=\"https:\/\/www.journalducameroun.com\/\">Journal du Cameroun<\/a>.<\/p>\n<\/div>\n<p>Auteur: APA News<br \/>\n<a href=\"https:\/\/www.journalducameroun.com\/covid-19-maroc-plus-de-10-millions-de-personnes-vaccinees\/\">Cliquez ici pour lire l&rsquo;article depuis sa source.<\/a><\/p>\n","protected":false},"excerpt":{"rendered":"<p>Le nombre de personnes ayant re\u00e7u la premi\u00e8re dose du vaccin contre la Covid-19 au Maroc s&rsquo;\u00e9l\u00e8ve \u00e0 10.064.283, alors que 9.161.960 personnes se sont vu administrer la deuxi\u00e8me dose, a indiqu\u00e9 samedi le minist\u00e8re de la Sant\u00e9.Lanc\u00e9e le 28 janvier dernier, la campagne de vaccination est une op\u00e9ration gratuite pour l&rsquo;ensemble des citoyens avec [&hellip;]<\/p>\n","protected":false},"author":1965,"featured_media":0,"comment_status":"closed","ping_status":"closed","sticky":false,"template":"","format":"standard","meta":{"fifu_image_url":"https:\/\/www.journalducameroun.com\/wp-content\/uploads\/2021\/07\/16253398827579.jpg","fifu_image_alt":"Covid-19\/Maroc : Plus de 10 millions de personnes vaccin\u00e9es","footnotes":""},"categories":[73,82],"tags":[],"class_list":["post-120294","post","type-post","status-publish","format-standard","hentry","category-actualite","category-cameroun"],"_links":{"self":[{"href":"https:\/\/linitiative.ca\/International\/wp-json\/wp\/v2\/posts\/120294","targetHints":{"allow":["GET"]}}],"collection":[{"href":"https:\/\/linitiative.ca\/International\/wp-json\/wp\/v2\/posts"}],"about":[{"href":"https:\/\/linitiative.ca\/International\/wp-json\/wp\/v2\/types\/post"}],"author":[{"embeddable":true,"href":"https:\/\/linitiative.ca\/International\/wp-json\/wp\/v2\/users\/1965"}],"replies":[{"embeddable":true,"href":"https:\/\/linitiative.ca\/International\/wp-json\/wp\/v2\/comments?post=120294"}],"version-history":[{"count":0,"href":"https:\/\/linitiative.ca\/International\/wp-json\/wp\/v2\/posts\/120294\/revisions"}],"wp:attachment":[{"href":"https:\/\/linitiative.ca\/International\/wp-json\/wp\/v2\/media?parent=120294"}],"wp:term":[{"taxonomy":"category","embeddable":true,"href":"https:\/\/linitiative.ca\/International\/wp-json\/wp\/v2\/categories?post=120294"},{"taxonomy":"post_tag","embeddable":true,"href":"https:\/\/linitiative.ca\/International\/wp-json\/wp\/v2\/tags?post=120294"}],"curies":[{"name":"wp","href":"https:\/\/api.w.org\/{rel}","templated":true}]}}