{"id":120296,"date":"2021-07-03T03:23:16","date_gmt":"2021-07-03T07:23:16","guid":{"rendered":"https:\/\/linitiative.ca\/International\/extreme-nord-le-projet-resilac-dresse-son-bilan-a-mi-parcours\/"},"modified":"2021-07-03T03:23:16","modified_gmt":"2021-07-03T07:23:16","slug":"extreme-nord-le-projet-resilac-dresse-son-bilan-a-mi-parcours","status":"publish","type":"post","link":"https:\/\/linitiative.ca\/International\/extreme-nord-le-projet-resilac-dresse-son-bilan-a-mi-parcours\/","title":{"rendered":"Extr\u00eame-Nord : le projet Resilac dresse son bilan \u00e0 mi-parcours"},"content":{"rendered":"<div>\n<p>Le 30 juin dernier s\u2019est tenue \u00e0 Yaound\u00e9, la 3<sup>e<\/sup>\u00a0session du comit\u00e9 de pilotage national Cameroun du Programme de Redressement \u00c9conomique et Social Inclusif du Lac Tchad (Resilac). Sous la pr\u00e9sidence du Directeur g\u00e9n\u00e9ral de la coop\u00e9ration et de l\u2019int\u00e9gration r\u00e9gionale du minist\u00e8re de l\u2019Economie, de la planification et de l\u2019am\u00e9nagement du territoire, Charles Assamba, par ailleurs pr\u00e9sident dudit comit\u00e9.<\/p>\n<p><strong>Lire aussi<\/strong> : <strong><a href=\"https:\/\/ecomatin.net\/projet-resilac-cameroun-de-nouveaux-besoins-a-combler-dans-lextreme-nord\/\">Projet Resilac-Cameroun : de nouveaux besoins \u00e0 combler dans l\u2019Extr\u00eame-Nord<\/a><\/strong><\/p>\n<p>La r\u00e9union du jour visait \u00e0 \u00e9changer sur l\u2019\u00e9volution de la mise en \u0153uvre des activit\u00e9s en termes d\u2019acquis de la phase de d\u00e9veloppement, des partenariats et synergies avec les acteurs nationaux, et de r\u00e9fl\u00e9chir sur les strat\u00e9gies de sortie du projet, qui prend fin cette ann\u00e9e. Selon Charles Assamba, elle visait \u00e0 \u00abs\u2019approprier la mise en \u0153uvre effective au niveau des populations, au niveau des organisations, des chefferies traditionnelles, des CTD aussi, pour un approfondissement et une r\u00e9elle appropriation des m\u00e9canismes op\u00e9rationnels de ce projet d\u2019une part et il s\u2019agit aussi de r\u00e9fl\u00e9chir sur la p\u00e9rennisation de notre programme\u2026\u00a0\u00bb.<\/p>\n<p><strong>Lire aussi<\/strong> : <strong><a href=\"https:\/\/ecomatin.net\/bassin-du-lac-tchad-lallemagne-offre-98-milliards-pour-la-lutte-contre-boko-haram\/\">Bassin du Lac Tchad : l\u2019Allemagne offre 9,8 milliards pour la lutte contre Boko Haram<\/a><\/strong><\/p>\n<p>\u00c9tabli pour la p\u00e9riode 2018 \u00e0 2021, le Resilac a \u00e9t\u00e9 con\u00e7u pour les r\u00e9gions riveraines du Lac Tchad (Cameroun, Nig\u00e9ria, Niger et Tchad), les plus impact\u00e9es par la crise s\u00e9curitaire, le changement climatique et d\u2019autres d\u00e9terminants. C\u00f4t\u00e9 Cameroun, il se d\u00e9ploie dans la r\u00e9gion de l\u2019Extr\u00eame-Nord et couvre les communes de Mindif, Dargala, Koza et Mora. Dans celles-ci 8 chantiers dont 5 compl\u00e9tement finis, sont lanc\u00e9s sous forme d\u2019activit\u00e9s \u00e0 haute intensit\u00e9 de main d\u2019\u0153uvre (Himo) mobilisant 1046 jeunes. A quelques mois de son \u00e9ch\u00e9ance, le projet \u00abdepuis 2018, a men\u00e9 un certain nombre d\u2019activit\u00e9s dans le domaine de la coh\u00e9sion sociale, dans le domaine du rel\u00e8vement \u00e9conomique, de l\u2019appui institutionnel, ainsi que de la gestion de la connaissance\u00a0\u00bb, confie le coordonnateur national du R\u00e9silac, Patrice Bendouga.<\/p>\n<p><strong>Lire aussi<\/strong> : <strong><a href=\"https:\/\/ecomatin.net\/developpement-local-plus-de-4-milliards-de-fcfa-pour-lextreme-nord\/\">D\u00e9veloppement local : plus de 4 milliards de FCFA pour l\u2019Extr\u00eame-Nord<\/a><\/strong><\/p>\n<p>On peut alors noter comme avanc\u00e9e sur ces diff\u00e9rents points d\u2019actions\u00a0: l\u2019activation des dynamiques locales \u00e0 travers le renforcement des organisations \u00e0 base communautaire (OBC) et leur prise de main des actions citoyennes et communautaires\u00a0; la mise en route des micro-projets assis sur la mise en place d\u2019associations villageoises d\u2019\u00e9pargne et de cr\u00e9dits (Avec)\u00a0; le d\u00e9veloppement des pratiques agricoles innovantes etc.<\/p>\n<p>Pour rappel, le Projet Resilac b\u00e9n\u00e9ficie de financements de l\u2019Union europ\u00e9enne (Fonds fiduciaire d\u2019urgence de l\u2019Union europ\u00e9enne pour l\u2019Afrique-r\u00e9gion du Sahel et Lac Tchad) et de l\u2019Agence fran\u00e7aise de d\u00e9veloppement \u00e0 hauteur de 36\u00a0100\u00a0000 d\u2019euros (23,680 milliards de Fcfa), dans les quatre pays d\u2019intervention.<\/p>\n<p><strong>Lire aussi<\/strong> : <strong><a href=\"https:\/\/ecomatin.net\/reconstruction-de-lextreme-nord-28-milliards-investis-par-le-pnud-et-la-cblt\/\">Reconstruction de l\u2019Extr\u00eame-Nord : 2,8 milliards investis par le PNUD et la CBLT<\/a><\/strong><\/p>\n<p>L\u2019article <a rel=\"nofollow\" href=\"https:\/\/ecomatin.net\/extreme-nord-le-projet-resilac-dresse-son-bilan-a-mi-parcours\/\">Extr\u00eame-Nord : le projet Resilac dresse son bilan \u00e0 mi-parcours<\/a> est apparu en premier sur <a rel=\"nofollow\" href=\"https:\/\/ecomatin.net\/\">EcoMatin<\/a>.<\/p>\n<\/div>\n<p>Auteur: Cindy MBALA<br \/>\n<a href=\"https:\/\/ecomatin.net\/extreme-nord-le-projet-resilac-dresse-son-bilan-a-mi-parcours\/\">Cliquez ici pour lire l&rsquo;article depuis sa source.<\/a><\/p>\n","protected":false},"excerpt":{"rendered":"<p>Le 30 juin dernier s\u2019est tenue \u00e0 Yaound\u00e9, la 3e\u00a0session du comit\u00e9 de pilotage national Cameroun du Programme de Redressement \u00c9conomique et Social Inclusif du Lac Tchad (Resilac). Sous la pr\u00e9sidence du Directeur g\u00e9n\u00e9ral de la coop\u00e9ration et de l\u2019int\u00e9gration r\u00e9gionale du minist\u00e8re de l\u2019Economie, de la planification et de l\u2019am\u00e9nagement du territoire, Charles Assamba, [&hellip;]<\/p>\n","protected":false},"author":1969,"featured_media":0,"comment_status":"closed","ping_status":"closed","sticky":false,"template":"","format":"standard","meta":{"fifu_image_url":"","fifu_image_alt":"","footnotes":""},"categories":[82,78],"tags":[],"class_list":["post-120296","post","type-post","status-publish","format-standard","hentry","category-cameroun","category-economie"],"_links":{"self":[{"href":"https:\/\/linitiative.ca\/International\/wp-json\/wp\/v2\/posts\/120296","targetHints":{"allow":["GET"]}}],"collection":[{"href":"https:\/\/linitiative.ca\/International\/wp-json\/wp\/v2\/posts"}],"about":[{"href":"https:\/\/linitiative.ca\/International\/wp-json\/wp\/v2\/types\/post"}],"author":[{"embeddable":true,"href":"https:\/\/linitiative.ca\/International\/wp-json\/wp\/v2\/users\/1969"}],"replies":[{"embeddable":true,"href":"https:\/\/linitiative.ca\/International\/wp-json\/wp\/v2\/comments?post=120296"}],"version-history":[{"count":0,"href":"https:\/\/linitiative.ca\/International\/wp-json\/wp\/v2\/posts\/120296\/revisions"}],"wp:attachment":[{"href":"https:\/\/linitiative.ca\/International\/wp-json\/wp\/v2\/media?parent=120296"}],"wp:term":[{"taxonomy":"category","embeddable":true,"href":"https:\/\/linitiative.ca\/International\/wp-json\/wp\/v2\/categories?post=120296"},{"taxonomy":"post_tag","embeddable":true,"href":"https:\/\/linitiative.ca\/International\/wp-json\/wp\/v2\/tags?post=120296"}],"curies":[{"name":"wp","href":"https:\/\/api.w.org\/{rel}","templated":true}]}}