{"id":120306,"date":"2021-07-04T07:13:31","date_gmt":"2021-07-04T11:13:31","guid":{"rendered":"https:\/\/linitiative.ca\/International\/reouverture-de-la-gare-routiere-oulad-ziane-des-demain-lundi\/"},"modified":"2021-07-04T07:13:31","modified_gmt":"2021-07-04T11:13:31","slug":"reouverture-de-la-gare-routiere-oulad-ziane-des-demain-lundi","status":"publish","type":"post","link":"https:\/\/linitiative.ca\/International\/reouverture-de-la-gare-routiere-oulad-ziane-des-demain-lundi\/","title":{"rendered":"R\u00e9ouverture de la gare routi\u00e8re Oulad Ziane d\u00e8s demain lundi"},"content":{"rendered":"<div>\n<p><img decoding=\"async\" width=\"300\" height=\"153\" src=\"https:\/\/linitiative.ca\/International\/wp-content\/uploads\/sites\/23\/2021\/07\/gare-routiere-ouled-ziane-300x153-1.jpg\" class=\"attachment-medium size-medium wp-post-image\" alt=\"\" loading=\"lazy\" srcset=\"\/\/aujourdhui.ma\/wp-content\/uploads\/2021\/07\/gare-routiere-ouled-ziane-300x153.jpg 300w, \/\/aujourdhui.ma\/wp-content\/uploads\/2021\/07\/gare-routiere-ouled-ziane-274x140.jpg 274w, \/\/aujourdhui.ma\/wp-content\/uploads\/2021\/07\/gare-routiere-ouled-ziane.jpg 746w, \/\/aujourdhui.ma\/wp-content\/uploads\/2021\/07\/gare-routiere-ouled-ziane-165x84.jpg 165w, \/\/aujourdhui.ma\/wp-content\/uploads\/2021\/07\/gare-routiere-ouled-ziane-702x358.jpg 702w\" sizes=\"auto, (max-width: 300px) 100vw, 300px\"><\/p>\n<p><span style=\"color: #800000;\"><strong>\u00ab\u00a0La gare routi\u00e8re Oulad Ziane rouvrira ses portes lundi 5 juillet 2021 apr\u00e8s plus d\u2019une ann\u00e9e de fermeture due aux mesures pr\u00e9ventives pour faire face \u00e0 la propagation de la pand\u00e9mie de la Covid-19 dans ce lieu de cohabitation intense\u00a0\u00bb.<\/strong><\/span><span id=\"more-380757\"><\/span><\/p>\n<p>C\u2019est ce qui a \u00e9t\u00e9 d\u00e9cid\u00e9 \u00e0 l\u2019issue d\u2019une r\u00e9union tenue en pr\u00e9sence du gouverneur de la pr\u00e9fecture d\u2019El Fida Mers Sultan, du repr\u00e9sentant de la Commune de Casablanca en la personne de Mohamed Bourrahim, Adjoint au Maire en Charge de la mobilit\u00e9 et du transport, des repr\u00e9sentants des minist\u00e8res du transport et de la Sant\u00e9, ainsi que des services de police et des professionnels du transport. Aussi, l\u2019acc\u00e8s \u00e0 la gare routi\u00e8re ne sera ouvert qu\u2019aux seuls voyageurs munis de leurs tickets.<\/p>\n<p><a href=\"https:\/\/linitiative.ca\/International\/wp-content\/uploads\/sites\/23\/2021\/07\/WhatsApp-Image-2021-07-04-at-12.15.33.jpeg\"><img decoding=\"async\" loading=\"lazy\" class=\"alignnone size-full wp-image-380760\" src=\"https:\/\/linitiative.ca\/International\/wp-content\/uploads\/sites\/23\/2021\/07\/WhatsApp-Image-2021-07-04-at-12.15.33.jpeg\" alt=\"\" width=\"1280\" height=\"853\" srcset=\"\/\/aujourdhui.ma\/wp-content\/uploads\/2021\/07\/WhatsApp-Image-2021-07-04-at-12.15.33.jpeg 1280w, \/\/aujourdhui.ma\/wp-content\/uploads\/2021\/07\/WhatsApp-Image-2021-07-04-at-12.15.33-300x200.jpeg 300w, \/\/aujourdhui.ma\/wp-content\/uploads\/2021\/07\/WhatsApp-Image-2021-07-04-at-12.15.33-1024x682.jpeg 1024w, \/\/aujourdhui.ma\/wp-content\/uploads\/2021\/07\/WhatsApp-Image-2021-07-04-at-12.15.33-768x512.jpeg 768w, \/\/aujourdhui.ma\/wp-content\/uploads\/2021\/07\/WhatsApp-Image-2021-07-04-at-12.15.33-80x54.jpeg 80w, \/\/aujourdhui.ma\/wp-content\/uploads\/2021\/07\/WhatsApp-Image-2021-07-04-at-12.15.33-130x87.jpeg 130w, \/\/aujourdhui.ma\/wp-content\/uploads\/2021\/07\/WhatsApp-Image-2021-07-04-at-12.15.33-359x240.jpeg 359w, \/\/aujourdhui.ma\/wp-content\/uploads\/2021\/07\/WhatsApp-Image-2021-07-04-at-12.15.33-85x57.jpeg 85w, \/\/aujourdhui.ma\/wp-content\/uploads\/2021\/07\/WhatsApp-Image-2021-07-04-at-12.15.33-112x75.jpeg 112w, \/\/aujourdhui.ma\/wp-content\/uploads\/2021\/07\/WhatsApp-Image-2021-07-04-at-12.15.33-179x120.jpeg 179w, \/\/aujourdhui.ma\/wp-content\/uploads\/2021\/07\/WhatsApp-Image-2021-07-04-at-12.15.33-170x113.jpeg 170w, \/\/aujourdhui.ma\/wp-content\/uploads\/2021\/07\/WhatsApp-Image-2021-07-04-at-12.15.33-81x55.jpeg 81w, \/\/aujourdhui.ma\/wp-content\/uploads\/2021\/07\/WhatsApp-Image-2021-07-04-at-12.15.33-765x510.jpeg 765w\" sizes=\"auto, (max-width: 1280px) 100vw, 1280px\"><\/a><\/p>\n<p>L\u2019ouverture des portes de la gare routi\u00e8re se fera \u00e0 4h30 du matin et la fermeture \u00e0 23h00, conform\u00e9ment \u00e0 la d\u00e9cision du gouvernement instaurant le couvre-feu \u00e0 partir de cette heure. Il est \u00e0 noter que toutes les mesures de pr\u00e9vention contre la Covid-19 recommand\u00e9es par le Comit\u00e9 scientifique seront respect\u00e9es notamment les r\u00e8gles d\u2019hygi\u00e8ne g\u00e9n\u00e9rale, le nettoyage, la distanciation physique ou encore le port des masques. Il sera \u00e9galement proc\u00e9d\u00e9 au nettoyage et \u00e0 la s\u00e9curisation des locaux 24h\/24h et 7\/7. De m\u00eame, une campagne de sensibilisation aupr\u00e8s des voyageurs sera lanc\u00e9e incessamment pour les inciter \u00e0 respecter les mesures de pr\u00e9vention.<\/p>\n<p>\u00a0<\/p>\n<\/div>\n<p>Auteur: ALM<br \/>\n<a href=\"https:\/\/aujourdhui.ma\/actualite\/reouverture-de-la-gare-routiere-oulad-ziane-des-demain-lundi\">Cliquez ici pour lire l&rsquo;article depuis sa source.<\/a><\/p>\n","protected":false},"excerpt":{"rendered":"<p>\u00ab\u00a0La gare routi\u00e8re Oulad Ziane rouvrira ses portes lundi 5 juillet 2021 apr\u00e8s plus d\u2019une ann\u00e9e de fermeture due aux mesures pr\u00e9ventives pour faire face \u00e0 la propagation de la pand\u00e9mie de la Covid-19 dans ce lieu de cohabitation intense\u00a0\u00bb. C\u2019est ce qui a \u00e9t\u00e9 d\u00e9cid\u00e9 \u00e0 l\u2019issue d\u2019une r\u00e9union tenue en pr\u00e9sence du gouverneur [&hellip;]<\/p>\n","protected":false},"author":1759,"featured_media":0,"comment_status":"closed","ping_status":"closed","sticky":false,"template":"","format":"standard","meta":{"fifu_image_url":"https:\/\/aujourdhui.ma\/wp-content\/uploads\/2021\/07\/gare-routiere-ouled-ziane-300x153.jpg","fifu_image_alt":"R\u00e9ouverture de la gare routi\u00e8re Oulad Ziane d\u00e8s demain lundi","footnotes":""},"categories":[73,54],"tags":[],"class_list":["post-120306","post","type-post","status-publish","format-standard","hentry","category-actualite","category-maroc"],"_links":{"self":[{"href":"https:\/\/linitiative.ca\/International\/wp-json\/wp\/v2\/posts\/120306","targetHints":{"allow":["GET"]}}],"collection":[{"href":"https:\/\/linitiative.ca\/International\/wp-json\/wp\/v2\/posts"}],"about":[{"href":"https:\/\/linitiative.ca\/International\/wp-json\/wp\/v2\/types\/post"}],"author":[{"embeddable":true,"href":"https:\/\/linitiative.ca\/International\/wp-json\/wp\/v2\/users\/1759"}],"replies":[{"embeddable":true,"href":"https:\/\/linitiative.ca\/International\/wp-json\/wp\/v2\/comments?post=120306"}],"version-history":[{"count":0,"href":"https:\/\/linitiative.ca\/International\/wp-json\/wp\/v2\/posts\/120306\/revisions"}],"wp:attachment":[{"href":"https:\/\/linitiative.ca\/International\/wp-json\/wp\/v2\/media?parent=120306"}],"wp:term":[{"taxonomy":"category","embeddable":true,"href":"https:\/\/linitiative.ca\/International\/wp-json\/wp\/v2\/categories?post=120306"},{"taxonomy":"post_tag","embeddable":true,"href":"https:\/\/linitiative.ca\/International\/wp-json\/wp\/v2\/tags?post=120306"}],"curies":[{"name":"wp","href":"https:\/\/api.w.org\/{rel}","templated":true}]}}