{"id":120324,"date":"2021-07-03T14:38:47","date_gmt":"2021-07-03T18:38:47","guid":{"rendered":"https:\/\/linitiative.ca\/International\/951-cas-et-plus-de-9-millions-de-personnes-completement-vaccinees\/"},"modified":"2021-07-03T14:38:47","modified_gmt":"2021-07-03T18:38:47","slug":"951-cas-et-plus-de-9-millions-de-personnes-completement-vaccinees","status":"publish","type":"post","link":"https:\/\/linitiative.ca\/International\/951-cas-et-plus-de-9-millions-de-personnes-completement-vaccinees\/","title":{"rendered":"951 cas et plus de 9 millions de personnes compl\u00e8tement vaccin\u00e9es"},"content":{"rendered":"<div>\n<div style=\"margin-bottom:20px;\"><img loading=\"lazy\" decoding=\"async\" width=\"750\" height=\"430\" src=\"https:\/\/linitiative.ca\/International\/wp-content\/uploads\/sites\/23\/2021\/07\/bilan-fr.png\" class=\"attachment-post-thumbnail size-post-thumbnail wp-post-image\" alt=\"\" srcset=\"https:\/\/linitiative.ca\/International\/wp-content\/uploads\/sites\/23\/2021\/07\/bilan-fr.png 750w, http:\/\/www.mapmarrakech.ma\/map\/uploads\/2021\/07\/bilan-fr-300x172.png 300w\" sizes=\"auto, (max-width: 750px) 100vw, 750px\"><\/div>\n<p>Le nombre de personnes ayant re\u00e7u la premi\u00e8re dose du vaccin est de 10.064.283, alors que celui des personnes compl\u00e8tement vaccin\u00e9es (1\u00e8re et 2\u00e8me doses) s\u2019\u00e9l\u00e8ve \u00e0 9.161.960, a pr\u00e9cis\u00e9 le minist\u00e8re dans son bulletin quotidien sur la situation de la Covid-19.<\/p>\n<p>Les nouveaux cas portent \u00e0 533.945 le nombre total des contaminations depuis le premier cas signal\u00e9 au Maroc en mars 2020. Le nombre des personnes r\u00e9tablies est pass\u00e9 \u00e0 519.139, soit un taux de gu\u00e9rison de 97,2 %.<\/p>\n<p>Les contaminations ont \u00e9t\u00e9 recens\u00e9es dans les r\u00e9gions de Casablanca-Settat (403), Rabat-Sal\u00e9-K\u00e9nitra (184), Marrakech-Safi (106), Souss-Massa (102), La\u00e2youne-Sakia El Hamra (39),\u00a0Tanger-T\u00e9touan-Al Hoceima (39), F\u00e8s-Mekn\u00e8s (34),\u00a0Dra\u00e2-Tafilalet (14),\u00a0Dakhla-Oued Eddahab (9) et Guelmim-Oued Noun (8),\u00a0B\u00e9ni Mellal-Kh\u00e9nifra (7), et l\u2019Oriental (6).<\/p>\n<p>Quant au nombre total des d\u00e9c\u00e8s, il est pass\u00e9 \u00e0 9.315 avec 8 nouveaux cas enregistr\u00e9s dans les r\u00e9gions de Casablanca-Settat (2), Marrakech-Safi (2), Souss-Massa (1), La\u00e2youne-Sakia El Hamra (1), F\u00e8s-Mekn\u00e8s (1) et Guelmim-Oued Noun (1).<\/p>\n<p>Les cas actifs sont au nombre de 5.491, tandis que les cas s\u00e9v\u00e8res ou critiques ont atteint 242, dont 9 plac\u00e9s sous intubation et 141 sous ventilation non invasive.<\/p>\n<p>The post <a rel=\"nofollow\" href=\"http:\/\/www.mapmarrakech.ma\/fr\/951-cas-et-plus-de-9-millions-de-personnes-completement-vaccinees\/\">951 cas et plus de 9 millions de personnes compl\u00e8tement vaccin\u00e9es<\/a> appeared first on <a rel=\"nofollow\" href=\"http:\/\/www.mapmarrakech.ma\/fr\">MapMarrakech<\/a>.<\/p>\n<\/div>\n<p>Auteur: Meriem IGASS<br \/>\n<a href=\"http:\/\/www.mapmarrakech.ma\/fr\/951-cas-et-plus-de-9-millions-de-personnes-completement-vaccinees\/\">Cliquez ici pour lire l&rsquo;article depuis sa source.<\/a><\/p>\n","protected":false},"excerpt":{"rendered":"<p>Le nombre de personnes ayant re\u00e7u la premi\u00e8re dose du vaccin est de 10.064.283, alors que celui des personnes compl\u00e8tement vaccin\u00e9es (1\u00e8re et 2\u00e8me doses) s\u2019\u00e9l\u00e8ve \u00e0 9.161.960, a pr\u00e9cis\u00e9 le minist\u00e8re dans son bulletin quotidien sur la situation de la Covid-19. Les nouveaux cas portent \u00e0 533.945 le nombre total des contaminations depuis le [&hellip;]<\/p>\n","protected":false},"author":1788,"featured_media":0,"comment_status":"closed","ping_status":"closed","sticky":false,"template":"","format":"standard","meta":{"fifu_image_url":"http:\/\/www.mapmarrakech.ma\/map\/uploads\/2021\/07\/bilan-fr.png","fifu_image_alt":"951 cas et plus de 9 millions de personnes compl\u00e8tement vaccin\u00e9es","footnotes":""},"categories":[54,76],"tags":[],"class_list":["post-120324","post","type-post","status-publish","format-standard","hentry","category-maroc","category-regions"],"_links":{"self":[{"href":"https:\/\/linitiative.ca\/International\/wp-json\/wp\/v2\/posts\/120324","targetHints":{"allow":["GET"]}}],"collection":[{"href":"https:\/\/linitiative.ca\/International\/wp-json\/wp\/v2\/posts"}],"about":[{"href":"https:\/\/linitiative.ca\/International\/wp-json\/wp\/v2\/types\/post"}],"author":[{"embeddable":true,"href":"https:\/\/linitiative.ca\/International\/wp-json\/wp\/v2\/users\/1788"}],"replies":[{"embeddable":true,"href":"https:\/\/linitiative.ca\/International\/wp-json\/wp\/v2\/comments?post=120324"}],"version-history":[{"count":0,"href":"https:\/\/linitiative.ca\/International\/wp-json\/wp\/v2\/posts\/120324\/revisions"}],"wp:attachment":[{"href":"https:\/\/linitiative.ca\/International\/wp-json\/wp\/v2\/media?parent=120324"}],"wp:term":[{"taxonomy":"category","embeddable":true,"href":"https:\/\/linitiative.ca\/International\/wp-json\/wp\/v2\/categories?post=120324"},{"taxonomy":"post_tag","embeddable":true,"href":"https:\/\/linitiative.ca\/International\/wp-json\/wp\/v2\/tags?post=120324"}],"curies":[{"name":"wp","href":"https:\/\/api.w.org\/{rel}","templated":true}]}}