{"id":120334,"date":"2021-07-04T12:54:28","date_gmt":"2021-07-04T16:54:28","guid":{"rendered":"https:\/\/linitiative.ca\/International\/nador-un-policier-use-de-son-arme-pour-interpeller-un-multirecidiviste\/"},"modified":"2021-07-04T12:54:28","modified_gmt":"2021-07-04T16:54:28","slug":"nador-un-policier-use-de-son-arme-pour-interpeller-un-multirecidiviste","status":"publish","type":"post","link":"https:\/\/linitiative.ca\/International\/nador-un-policier-use-de-son-arme-pour-interpeller-un-multirecidiviste\/","title":{"rendered":"Nador: un policier use de son arme pour interpeller un multir\u00e9cidiviste"},"content":{"rendered":"<div>\n<div style=\"margin-bottom:20px;\"><img loading=\"lazy\" decoding=\"async\" width=\"750\" height=\"430\" src=\"https:\/\/linitiative.ca\/International\/wp-content\/uploads\/sites\/23\/2021\/07\/Element-de-la-DGSN-M750C397430-MAP-Archive.jpg\" class=\"attachment-post-thumbnail size-post-thumbnail wp-post-image\" alt=\"\" srcset=\"https:\/\/linitiative.ca\/International\/wp-content\/uploads\/sites\/23\/2021\/07\/Element-de-la-DGSN-M750C397430-MAP-Archive.jpg 750w, http:\/\/www.mapoujda.ma\/map\/uploads\/2021\/05\/Element-de-la-DGSN-M750\u00d7430-MAP-Archive-300x172.jpg 300w\" sizes=\"auto, (max-width: 750px) 100vw, 750px\"><\/div>\n<div>\n<p style=\"text-align: justify;\">Un policier de la brigade mobile des motards relevant du district provincial de s\u00fbret\u00e9 \u00e0 Nador a \u00e9t\u00e9 contraint, dimanche \u00e0 l\u2019aube, de faire usage de son arme de service lors d\u2019une op\u00e9ration s\u00e9curitaire visant \u00e0 interpeller un multir\u00e9cidiviste, qui \u00e9tait dans un \u00e9tat de forte impulsivit\u00e9 et mettait s\u00e9rieusement en danger la s\u00e9curit\u00e9 des citoyens et des policiers \u00e0 l\u2019aide de l\u2019arme blanche.<\/p>\n<p style=\"text-align: justify;\">Une patrouille de police est intervenue pour appr\u00e9hender le suspect \u00e2g\u00e9 de 32 ans apr\u00e8s avoir \u00e9t\u00e9 pris en flagrant d\u00e9lit d\u2019agression \u00e0 l\u2019arme blanche dans le quartier de \u00ab\u00a0Ouled Lahcen\u00a0\u00bb d\u2019un individu aux ant\u00e9c\u00e9dents judiciaires, indique un communiqu\u00e9 de la Direction g\u00e9n\u00e9rale de la s\u00fbret\u00e9 nationale (DGSN).<\/p>\n<p style=\"text-align: justify;\">Le pr\u00e9venu a oppos\u00e9 une r\u00e9sistance farouche aux policiers avec l\u2019utilisation d\u2019armes blanches de grande taille, ce qui a contraint l\u2019un des membres de la patrouille, un brigadier de police, \u00e0 faire usage de son arme de service et \u00e0 tirer une balle de sommation, suivi d\u2019une autre ayant atteint le mis en cause au niveau de ses membres inf\u00e9rieurs.<\/p>\n<p style=\"text-align: justify;\">Le recours par ce policier \u00e0 son arme de service a permis de neutraliser le danger et d\u2019interpeller le mis en cause, alors que les perquisitions effectu\u00e9es ont permis de saisir deux v\u00e9hicules en sa possession, qui font l\u2019objet d\u2019enqu\u00eates pour d\u00e9terminer leur provenance et leur situation l\u00e9gale.<\/p>\n<p style=\"text-align: justify;\">Le suspect a \u00e9t\u00e9 plac\u00e9 sous surveillance polici\u00e8re dans l\u2019h\u00f4pital o\u00f9 il a \u00e9t\u00e9 admis pour recevoir les soins n\u00e9cessaires, dans l\u2019attente de le soumettre \u00e0 une enqu\u00eate judiciaire sous la supervision du parquet comp\u00e9tent, afin de d\u00e9terminer les autres actes criminels qui lui sont reproch\u00e9s, conclut le communiqu\u00e9.<\/p>\n<\/div>\n<p>L\u2019article <a rel=\"nofollow\" href=\"http:\/\/www.mapoujda.ma\/fr\/nador-un-policier-use-de-son-arme-pour-interpeller-un-multirecidiviste\/\">Nador: un policier use de son arme pour interpeller un multir\u00e9cidiviste<\/a> est apparu en premier sur <a rel=\"nofollow\" href=\"http:\/\/www.mapoujda.ma\/fr\">MapOujda<\/a>.<\/p>\n<\/div>\n<p>Auteur: Soufiane ELAHMAR<br \/>\n<a href=\"http:\/\/www.mapoujda.ma\/fr\/nador-un-policier-use-de-son-arme-pour-interpeller-un-multirecidiviste\/\">Cliquez ici pour lire l&rsquo;article depuis sa source.<\/a><\/p>\n","protected":false},"excerpt":{"rendered":"<p>Un policier de la brigade mobile des motards relevant du district provincial de s\u00fbret\u00e9 \u00e0 Nador a \u00e9t\u00e9 contraint, dimanche \u00e0 l\u2019aube, de faire usage de son arme de service lors d\u2019une op\u00e9ration s\u00e9curitaire visant \u00e0 interpeller un multir\u00e9cidiviste, qui \u00e9tait dans un \u00e9tat de forte impulsivit\u00e9 et mettait s\u00e9rieusement en danger la s\u00e9curit\u00e9 des [&hellip;]<\/p>\n","protected":false},"author":1788,"featured_media":0,"comment_status":"closed","ping_status":"closed","sticky":false,"template":"","format":"standard","meta":{"fifu_image_url":"http:\/\/www.mapoujda.ma\/map\/uploads\/2021\/05\/Element-de-la-DGSN-M750\u00d7430-MAP-Archive.jpg","fifu_image_alt":"Nador: un policier use de son arme pour interpeller un multir\u00e9cidiviste","footnotes":""},"categories":[54,76],"tags":[],"class_list":["post-120334","post","type-post","status-publish","format-standard","hentry","category-maroc","category-regions"],"_links":{"self":[{"href":"https:\/\/linitiative.ca\/International\/wp-json\/wp\/v2\/posts\/120334","targetHints":{"allow":["GET"]}}],"collection":[{"href":"https:\/\/linitiative.ca\/International\/wp-json\/wp\/v2\/posts"}],"about":[{"href":"https:\/\/linitiative.ca\/International\/wp-json\/wp\/v2\/types\/post"}],"author":[{"embeddable":true,"href":"https:\/\/linitiative.ca\/International\/wp-json\/wp\/v2\/users\/1788"}],"replies":[{"embeddable":true,"href":"https:\/\/linitiative.ca\/International\/wp-json\/wp\/v2\/comments?post=120334"}],"version-history":[{"count":0,"href":"https:\/\/linitiative.ca\/International\/wp-json\/wp\/v2\/posts\/120334\/revisions"}],"wp:attachment":[{"href":"https:\/\/linitiative.ca\/International\/wp-json\/wp\/v2\/media?parent=120334"}],"wp:term":[{"taxonomy":"category","embeddable":true,"href":"https:\/\/linitiative.ca\/International\/wp-json\/wp\/v2\/categories?post=120334"},{"taxonomy":"post_tag","embeddable":true,"href":"https:\/\/linitiative.ca\/International\/wp-json\/wp\/v2\/tags?post=120334"}],"curies":[{"name":"wp","href":"https:\/\/api.w.org\/{rel}","templated":true}]}}