{"id":120336,"date":"2021-07-04T06:23:40","date_gmt":"2021-07-04T10:23:40","guid":{"rendered":"https:\/\/linitiative.ca\/International\/safi-un-incubateur-universitaire-pour-les-porteurs-de-projets\/"},"modified":"2021-07-04T06:23:40","modified_gmt":"2021-07-04T10:23:40","slug":"safi-un-incubateur-universitaire-pour-les-porteurs-de-projets","status":"publish","type":"post","link":"https:\/\/linitiative.ca\/International\/safi-un-incubateur-universitaire-pour-les-porteurs-de-projets\/","title":{"rendered":"Safi: Un incubateur universitaire pour les porteurs de projets"},"content":{"rendered":"<div>\n<div class=\"field field-name-body field-type-text-with-summary field-label-hidden\">\n<div class=\"field-items\">\n<div class=\"field-item even\" property=\"content:encoded\">\n<p class=\"rtejustify\">Pour promouvoir la cr\u00e9ation d&rsquo;entreprises et valoriser les r\u00e9sultats de recherche, un incubateur universitaire a \u00e9t\u00e9 lanc\u00e9, r\u00e9cemment \u00e0 Safi. Cette structure permettra d&rsquo;appuyer des \u00e9tudiants porteurs de projets, issus des \u00e9tablissements d\u2019enseignement, \u00e9coles et instituts de formation et de promotion de l&#8217;emploi relevant de cette partie du territoire national. Sa cr\u00e9ation\u00a0s\u2019inscrit dans le cadre de la mise en \u0153uvre d\u2019une convention de partenariat sign\u00e9e avec l\u2019association \u00ab\u00a0Act4Community\u00a0\u00bb relevant du Groupe OCP.<\/p>\n<\/div>\n<\/div>\n<\/div>\n<\/div>\n<p>Auteur: hgueye<br \/>\n<a href=\"https:\/\/www.leconomiste.com\/flash-infos\/safi-un-incubateur-universitaire-pour-les-porteurs-de-projets\">Cliquez ici pour lire l&rsquo;article depuis sa source.<\/a><\/p>\n","protected":false},"excerpt":{"rendered":"<p>Pour promouvoir la cr\u00e9ation d&rsquo;entreprises et valoriser les r\u00e9sultats de recherche, un incubateur universitaire a \u00e9t\u00e9 lanc\u00e9, r\u00e9cemment \u00e0 Safi. Cette structure permettra d&rsquo;appuyer des \u00e9tudiants porteurs de projets, issus des \u00e9tablissements d\u2019enseignement, \u00e9coles et instituts de formation et de promotion de l&#8217;emploi relevant de cette partie du territoire national. Sa cr\u00e9ation\u00a0s\u2019inscrit dans le cadre [&hellip;]<\/p>\n","protected":false},"author":1763,"featured_media":0,"comment_status":"closed","ping_status":"closed","sticky":false,"template":"","format":"standard","meta":{"fifu_image_url":"","fifu_image_alt":"","footnotes":""},"categories":[78,54],"tags":[],"class_list":["post-120336","post","type-post","status-publish","format-standard","hentry","category-economie","category-maroc"],"_links":{"self":[{"href":"https:\/\/linitiative.ca\/International\/wp-json\/wp\/v2\/posts\/120336","targetHints":{"allow":["GET"]}}],"collection":[{"href":"https:\/\/linitiative.ca\/International\/wp-json\/wp\/v2\/posts"}],"about":[{"href":"https:\/\/linitiative.ca\/International\/wp-json\/wp\/v2\/types\/post"}],"author":[{"embeddable":true,"href":"https:\/\/linitiative.ca\/International\/wp-json\/wp\/v2\/users\/1763"}],"replies":[{"embeddable":true,"href":"https:\/\/linitiative.ca\/International\/wp-json\/wp\/v2\/comments?post=120336"}],"version-history":[{"count":0,"href":"https:\/\/linitiative.ca\/International\/wp-json\/wp\/v2\/posts\/120336\/revisions"}],"wp:attachment":[{"href":"https:\/\/linitiative.ca\/International\/wp-json\/wp\/v2\/media?parent=120336"}],"wp:term":[{"taxonomy":"category","embeddable":true,"href":"https:\/\/linitiative.ca\/International\/wp-json\/wp\/v2\/categories?post=120336"},{"taxonomy":"post_tag","embeddable":true,"href":"https:\/\/linitiative.ca\/International\/wp-json\/wp\/v2\/tags?post=120336"}],"curies":[{"name":"wp","href":"https:\/\/api.w.org\/{rel}","templated":true}]}}