{"id":120337,"date":"2021-07-04T07:32:03","date_gmt":"2021-07-04T11:32:03","guid":{"rendered":"https:\/\/linitiative.ca\/International\/casablanca-reouverture-de-la-gare-ouled-ziane-ce-lundi-5-juillet\/"},"modified":"2021-07-04T07:32:03","modified_gmt":"2021-07-04T11:32:03","slug":"casablanca-reouverture-de-la-gare-ouled-ziane-ce-lundi-5-juillet","status":"publish","type":"post","link":"https:\/\/linitiative.ca\/International\/casablanca-reouverture-de-la-gare-ouled-ziane-ce-lundi-5-juillet\/","title":{"rendered":"Casablanca: R\u00e9ouverture de la gare Ouled Ziane ce lundi 5 juillet"},"content":{"rendered":"<div>\n<div class=\"field field-name-body field-type-text-with-summary field-label-hidden\">\n<div class=\"field-items\">\n<div class=\"field-item even\" property=\"content:encoded\">\n<p class=\"rtejustify\">La gare routi\u00e8re Ouled Ziane rouvrira ses portes ce lundi 5 juillet apr\u00e8s plus d\u2019une ann\u00e9e de fermeture due aux mesures pr\u00e9ventives pour faire face \u00e0 la propagation de la pand\u00e9mie de la Covid-19. L\u2019acc\u00e8s \u00e0 la gare routi\u00e8re ne sera ouvert qu\u2019aux seuls voyageurs munis de leurs tickets. L\u2019ouverture des portes se fera \u00e0 4h30 du matin et la fermeture \u00e0 23h00, conform\u00e9ment \u00e0 la d\u00e9cision du gouvernement instaurant le couvre-feu \u00e0 partir de cette heure. La gare routi\u00e8re Ouled Ziane re\u00e7oit jusqu\u2019\u00e0 20.000 voyageurs par jour. Plus de 800 autocars y transitent quotidiennement.\u00a0<\/p>\n<\/div>\n<\/div>\n<\/div>\n<\/div>\n<p>Auteur: hgueye<br \/>\n<a href=\"https:\/\/www.leconomiste.com\/flash-infos\/casablanca-reouverture-de-la-gare-ouled-ziane-ce-lundi-5-juillet\">Cliquez ici pour lire l&rsquo;article depuis sa source.<\/a><\/p>\n","protected":false},"excerpt":{"rendered":"<p>La gare routi\u00e8re Ouled Ziane rouvrira ses portes ce lundi 5 juillet apr\u00e8s plus d\u2019une ann\u00e9e de fermeture due aux mesures pr\u00e9ventives pour faire face \u00e0 la propagation de la pand\u00e9mie de la Covid-19. L\u2019acc\u00e8s \u00e0 la gare routi\u00e8re ne sera ouvert qu\u2019aux seuls voyageurs munis de leurs tickets. L\u2019ouverture des portes se fera \u00e0 [&hellip;]<\/p>\n","protected":false},"author":1763,"featured_media":0,"comment_status":"closed","ping_status":"closed","sticky":false,"template":"","format":"standard","meta":{"fifu_image_url":"","fifu_image_alt":"","footnotes":""},"categories":[78,54],"tags":[],"class_list":["post-120337","post","type-post","status-publish","format-standard","hentry","category-economie","category-maroc"],"_links":{"self":[{"href":"https:\/\/linitiative.ca\/International\/wp-json\/wp\/v2\/posts\/120337","targetHints":{"allow":["GET"]}}],"collection":[{"href":"https:\/\/linitiative.ca\/International\/wp-json\/wp\/v2\/posts"}],"about":[{"href":"https:\/\/linitiative.ca\/International\/wp-json\/wp\/v2\/types\/post"}],"author":[{"embeddable":true,"href":"https:\/\/linitiative.ca\/International\/wp-json\/wp\/v2\/users\/1763"}],"replies":[{"embeddable":true,"href":"https:\/\/linitiative.ca\/International\/wp-json\/wp\/v2\/comments?post=120337"}],"version-history":[{"count":0,"href":"https:\/\/linitiative.ca\/International\/wp-json\/wp\/v2\/posts\/120337\/revisions"}],"wp:attachment":[{"href":"https:\/\/linitiative.ca\/International\/wp-json\/wp\/v2\/media?parent=120337"}],"wp:term":[{"taxonomy":"category","embeddable":true,"href":"https:\/\/linitiative.ca\/International\/wp-json\/wp\/v2\/categories?post=120337"},{"taxonomy":"post_tag","embeddable":true,"href":"https:\/\/linitiative.ca\/International\/wp-json\/wp\/v2\/tags?post=120337"}],"curies":[{"name":"wp","href":"https:\/\/api.w.org\/{rel}","templated":true}]}}