{"id":120338,"date":"2021-07-04T08:47:09","date_gmt":"2021-07-04T12:47:09","guid":{"rendered":"https:\/\/linitiative.ca\/International\/autoroute-tit-mellil-berrechid-adm-lance-la-construction\/"},"modified":"2021-07-04T08:47:09","modified_gmt":"2021-07-04T12:47:09","slug":"autoroute-tit-mellil-berrechid-adm-lance-la-construction","status":"publish","type":"post","link":"https:\/\/linitiative.ca\/International\/autoroute-tit-mellil-berrechid-adm-lance-la-construction\/","title":{"rendered":"Autoroute Tit Mellil &#8211; Berrechid: ADM lance la construction"},"content":{"rendered":"<div>\n<div class=\"field field-name-body field-type-text-with-summary field-label-hidden\">\n<div class=\"field-items\">\n<div class=\"field-item even\" property=\"content:encoded\">\n<p class=\"rtejustify\">La Soci\u00e9t\u00e9 Nationale des Autoroutes du Maroc (ADM) a annonc\u00e9 le lancement du projet de construction de l\u2019autoroute Tit Mellil-Berrechid. Cette nouvelle infrastructure permettra d&rsquo;all\u00e9ger le trafic transitant par le Grand Casablanca et de r\u00e9duire la longueur et la dur\u00e9e du voyage pour les usagers venant du Nord et de l\u2019Est et se dirigeant vers le Sud du Royaume, indique ADM.<\/p>\n<\/div>\n<\/div>\n<\/div>\n<\/div>\n<p>Auteur: hgueye<br \/>\n<a href=\"https:\/\/www.leconomiste.com\/flash-infos\/autoroute-tit-mellil-berrechid-adm-lance-la-construction\">Cliquez ici pour lire l&rsquo;article depuis sa source.<\/a><\/p>\n","protected":false},"excerpt":{"rendered":"<p>La Soci\u00e9t\u00e9 Nationale des Autoroutes du Maroc (ADM) a annonc\u00e9 le lancement du projet de construction de l\u2019autoroute Tit Mellil-Berrechid. Cette nouvelle infrastructure permettra d&rsquo;all\u00e9ger le trafic transitant par le Grand Casablanca et de r\u00e9duire la longueur et la dur\u00e9e du voyage pour les usagers venant du Nord et de l\u2019Est et se dirigeant vers [&hellip;]<\/p>\n","protected":false},"author":1763,"featured_media":0,"comment_status":"closed","ping_status":"closed","sticky":false,"template":"","format":"standard","meta":{"fifu_image_url":"","fifu_image_alt":"","footnotes":""},"categories":[78,54],"tags":[],"class_list":["post-120338","post","type-post","status-publish","format-standard","hentry","category-economie","category-maroc"],"_links":{"self":[{"href":"https:\/\/linitiative.ca\/International\/wp-json\/wp\/v2\/posts\/120338","targetHints":{"allow":["GET"]}}],"collection":[{"href":"https:\/\/linitiative.ca\/International\/wp-json\/wp\/v2\/posts"}],"about":[{"href":"https:\/\/linitiative.ca\/International\/wp-json\/wp\/v2\/types\/post"}],"author":[{"embeddable":true,"href":"https:\/\/linitiative.ca\/International\/wp-json\/wp\/v2\/users\/1763"}],"replies":[{"embeddable":true,"href":"https:\/\/linitiative.ca\/International\/wp-json\/wp\/v2\/comments?post=120338"}],"version-history":[{"count":0,"href":"https:\/\/linitiative.ca\/International\/wp-json\/wp\/v2\/posts\/120338\/revisions"}],"wp:attachment":[{"href":"https:\/\/linitiative.ca\/International\/wp-json\/wp\/v2\/media?parent=120338"}],"wp:term":[{"taxonomy":"category","embeddable":true,"href":"https:\/\/linitiative.ca\/International\/wp-json\/wp\/v2\/categories?post=120338"},{"taxonomy":"post_tag","embeddable":true,"href":"https:\/\/linitiative.ca\/International\/wp-json\/wp\/v2\/tags?post=120338"}],"curies":[{"name":"wp","href":"https:\/\/api.w.org\/{rel}","templated":true}]}}