{"id":120342,"date":"2021-07-04T15:12:20","date_gmt":"2021-07-04T19:12:20","guid":{"rendered":"https:\/\/linitiative.ca\/International\/mahrez-de-retour-a-sarcelles-avant-la-reprise-des-entrainements-avec-manchester-city\/"},"modified":"2021-07-04T15:12:20","modified_gmt":"2021-07-04T19:12:20","slug":"mahrez-de-retour-a-sarcelles-avant-la-reprise-des-entrainements-avec-manchester-city","status":"publish","type":"post","link":"https:\/\/linitiative.ca\/International\/mahrez-de-retour-a-sarcelles-avant-la-reprise-des-entrainements-avec-manchester-city\/","title":{"rendered":"Mahrez de retour \u00e0 Sarcelles avant la reprise des entrainements avec Manchester City"},"content":{"rendered":"<div>L&rsquo;international alg\u00e9rien a fait son retour \u00e0 Sarcelles en banlieue parisienne, l\u00e0 o\u00f9 tout a commenc\u00e9 pour lui<img loading=\"lazy\" decoding=\"async\" src=\"http:\/\/feeds.feedburner.com\/~r\/GalerieFArtciles\/~4\/JRKVkgeftUA\" height=\"1\" width=\"1\" alt=\"\"><\/div>\n<p>Auteur:<br \/>\n<a href=\"http:\/\/www.lebuteur.com\/article\/detail?titre=mahrez-de-retour-a-sarcelles-avant-la-reprise-des-entrainements-avec-manchester-city&#038;id=100542&#038;utm_source=feedburner&#038;utm_medium=feed&#038;utm_campaign=Feed%3A+GalerieFArtciles+%28Les+derniers+articles++-+lebuteur.com%29\">Cliquez ici pour lire l&rsquo;article depuis sa source.<\/a><\/p>\n","protected":false},"excerpt":{"rendered":"<p>L&rsquo;international alg\u00e9rien a fait son retour \u00e0 Sarcelles en banlieue parisienne, l\u00e0 o\u00f9 tout a commenc\u00e9 pour lui Auteur: Cliquez ici pour lire l&rsquo;article depuis sa source.<\/p>\n","protected":false},"author":1738,"featured_media":0,"comment_status":"closed","ping_status":"closed","sticky":false,"template":"","format":"standard","meta":{"fifu_image_url":"http:\/\/feeds.feedburner.com\/~r\/GalerieFArtciles\/~4\/JRKVkgeftUA","fifu_image_alt":"Mahrez de retour \u00e0 Sarcelles avant la reprise des entrainements avec Manchester City","footnotes":""},"categories":[53,75],"tags":[],"class_list":["post-120342","post","type-post","status-publish","format-standard","hentry","category-algerie","category-sport"],"_links":{"self":[{"href":"https:\/\/linitiative.ca\/International\/wp-json\/wp\/v2\/posts\/120342","targetHints":{"allow":["GET"]}}],"collection":[{"href":"https:\/\/linitiative.ca\/International\/wp-json\/wp\/v2\/posts"}],"about":[{"href":"https:\/\/linitiative.ca\/International\/wp-json\/wp\/v2\/types\/post"}],"author":[{"embeddable":true,"href":"https:\/\/linitiative.ca\/International\/wp-json\/wp\/v2\/users\/1738"}],"replies":[{"embeddable":true,"href":"https:\/\/linitiative.ca\/International\/wp-json\/wp\/v2\/comments?post=120342"}],"version-history":[{"count":0,"href":"https:\/\/linitiative.ca\/International\/wp-json\/wp\/v2\/posts\/120342\/revisions"}],"wp:attachment":[{"href":"https:\/\/linitiative.ca\/International\/wp-json\/wp\/v2\/media?parent=120342"}],"wp:term":[{"taxonomy":"category","embeddable":true,"href":"https:\/\/linitiative.ca\/International\/wp-json\/wp\/v2\/categories?post=120342"},{"taxonomy":"post_tag","embeddable":true,"href":"https:\/\/linitiative.ca\/International\/wp-json\/wp\/v2\/tags?post=120342"}],"curies":[{"name":"wp","href":"https:\/\/api.w.org\/{rel}","templated":true}]}}