{"id":120346,"date":"2021-07-04T06:56:00","date_gmt":"2021-07-04T10:56:00","guid":{"rendered":"https:\/\/linitiative.ca\/International\/tunisie-nizar-yaiche-au-chevet-de-lafrique\/"},"modified":"2021-07-04T06:56:00","modified_gmt":"2021-07-04T10:56:00","slug":"tunisie-nizar-yaiche-au-chevet-de-lafrique","status":"publish","type":"post","link":"https:\/\/linitiative.ca\/International\/tunisie-nizar-yaiche-au-chevet-de-lafrique\/","title":{"rendered":"Tunisie: Nizar Yaiche au chevet de l\u2019Afrique"},"content":{"rendered":"<div><img decoding=\"async\" src=\"https:\/\/linitiative.ca\/International\/wp-content\/uploads\/sites\/23\/2021\/07\/1625393295_article.jpg\" alt=\"Tunisie: Nizar Yaiche au chevet de l\u2019Afrique \" align=\"left\">Comment le continent africain, frapp\u00e9 de plein fouet par une double crise \u00e9conomique et sanitaire, pourrait-il s\u2019en sortir ? Sollicit\u00e9 par le Forum du financement de l\u2019investissement en Afrique (Fita \u2013 Tabc), l\u2019ancien ministre des Finances, Nizar Yaiche, a livr\u00e9 son analyse de la conjoncture et formul\u00e9 quatre recommandations.<br \/>\nR\u00e9cession \u00e9conomique sur tout le continent, en dessous des -2%, augmentation du taux de ch\u00f4mage de 2 \u00e0 3% dans plusieurs pays en l\u2019espace de quelques mois et endettement suppl\u00e9mentaire de la plupart des pays africains qui devrait augmenter entre 10 et 15% de leurs PIB respectifs, a-t-il rappel\u00e9. Ce qui impactera n\u00e9gativement \u00e0 court et moyen &#8230;<\/p>\n<\/div>\n<p>Auteur:<br \/>\n<a href=\"https:\/\/www.leaders.com.tn\/article\/32111-tunisie-nizar-yaiche-au-chevet-de-l-afrique\">Cliquez ici pour lire l&rsquo;article depuis sa source.<\/a><\/p>\n","protected":false},"excerpt":{"rendered":"<p>Comment le continent africain, frapp\u00e9 de plein fouet par une double crise \u00e9conomique et sanitaire, pourrait-il s\u2019en sortir ? Sollicit\u00e9 par le Forum du financement de l\u2019investissement en Afrique (Fita \u2013 Tabc), l\u2019ancien ministre des Finances, Nizar Yaiche, a livr\u00e9 son analyse de la conjoncture et formul\u00e9 quatre recommandations. R\u00e9cession \u00e9conomique sur tout le continent, [&hellip;]<\/p>\n","protected":false},"author":1772,"featured_media":0,"comment_status":"closed","ping_status":"closed","sticky":false,"template":"","format":"standard","meta":{"fifu_image_url":"http:\/\/www.leaders.com.tn\/uploads\/content\/thumbnails_small\/1625393295_article.jpg","fifu_image_alt":"Tunisie: Nizar Yaiche au chevet de l\u2019Afrique","footnotes":""},"categories":[73,55],"tags":[],"class_list":["post-120346","post","type-post","status-publish","format-standard","hentry","category-actualite","category-tunisie"],"_links":{"self":[{"href":"https:\/\/linitiative.ca\/International\/wp-json\/wp\/v2\/posts\/120346","targetHints":{"allow":["GET"]}}],"collection":[{"href":"https:\/\/linitiative.ca\/International\/wp-json\/wp\/v2\/posts"}],"about":[{"href":"https:\/\/linitiative.ca\/International\/wp-json\/wp\/v2\/types\/post"}],"author":[{"embeddable":true,"href":"https:\/\/linitiative.ca\/International\/wp-json\/wp\/v2\/users\/1772"}],"replies":[{"embeddable":true,"href":"https:\/\/linitiative.ca\/International\/wp-json\/wp\/v2\/comments?post=120346"}],"version-history":[{"count":0,"href":"https:\/\/linitiative.ca\/International\/wp-json\/wp\/v2\/posts\/120346\/revisions"}],"wp:attachment":[{"href":"https:\/\/linitiative.ca\/International\/wp-json\/wp\/v2\/media?parent=120346"}],"wp:term":[{"taxonomy":"category","embeddable":true,"href":"https:\/\/linitiative.ca\/International\/wp-json\/wp\/v2\/categories?post=120346"},{"taxonomy":"post_tag","embeddable":true,"href":"https:\/\/linitiative.ca\/International\/wp-json\/wp\/v2\/tags?post=120346"}],"curies":[{"name":"wp","href":"https:\/\/api.w.org\/{rel}","templated":true}]}}