{"id":120348,"date":"2021-07-04T08:17:00","date_gmt":"2021-07-04T12:17:00","guid":{"rendered":"https:\/\/linitiative.ca\/International\/la-covid-19-est-une-maladie-a-mille-et-une-facettes\/"},"modified":"2021-07-04T08:17:00","modified_gmt":"2021-07-04T12:17:00","slug":"la-covid-19-est-une-maladie-a-mille-et-une-facettes","status":"publish","type":"post","link":"https:\/\/linitiative.ca\/International\/la-covid-19-est-une-maladie-a-mille-et-une-facettes\/","title":{"rendered":"La Covid-19 est une maladie \u00e0 mille et une facettes"},"content":{"rendered":"<div><img decoding=\"async\" src=\"https:\/\/linitiative.ca\/International\/wp-content\/uploads\/sites\/23\/2021\/07\/1625398651_article.jpg\" alt=\"La Covid-19 est une maladie \u00e0 mille et une facettes\" align=\"left\">Par Pr Hafedh Abdelmelek &#8211; Dans la pr\u00e9sente publication, j\u2019aborde sommairement les m\u00e9canismes physiopathologiques propres \u00e0 chacune des phases de la Covid-19 et je pr\u00e9cise les m\u00e9canismes physiopathologiques mis en jeu dans chaque organe par cette maladie \u00e0 mille et une facettes. Le virus SARS-COV2 de la Covid-19 et exceptionnellement contagieux et il pr\u00e9sente plusieurs costumes ou facettes et une capacit\u00e9 tr\u00e8s importante de multiplication dans les tissus et plus particuli\u00e8rement dans les poumons. Le cycle viral est un excellent mod\u00e8le de bionanoing\u00e9nierie adoptant une strat\u00e9gie bottum-up. Les nanoparticules (NPs : 1-100nm) comme les virus SARS-CoV-2 ont une plus grande &#8230;<\/p>\n<\/div>\n<p>Auteur:<br \/>\n<a href=\"https:\/\/www.leaders.com.tn\/article\/32113-la-covid-19-est-une-maladie-a-mille-et-une-facettes\">Cliquez ici pour lire l&rsquo;article depuis sa source.<\/a><\/p>\n","protected":false},"excerpt":{"rendered":"<p>Par Pr Hafedh Abdelmelek &#8211; Dans la pr\u00e9sente publication, j\u2019aborde sommairement les m\u00e9canismes physiopathologiques propres \u00e0 chacune des phases de la Covid-19 et je pr\u00e9cise les m\u00e9canismes physiopathologiques mis en jeu dans chaque organe par cette maladie \u00e0 mille et une facettes. Le virus SARS-COV2 de la Covid-19 et exceptionnellement contagieux et il pr\u00e9sente plusieurs [&hellip;]<\/p>\n","protected":false},"author":1772,"featured_media":0,"comment_status":"closed","ping_status":"closed","sticky":false,"template":"","format":"standard","meta":{"fifu_image_url":"http:\/\/www.leaders.com.tn\/uploads\/content\/thumbnails_small\/1625398651_article.jpg","fifu_image_alt":"La Covid-19 est une maladie \u00e0 mille et une facettes","footnotes":""},"categories":[73,55],"tags":[],"class_list":["post-120348","post","type-post","status-publish","format-standard","hentry","category-actualite","category-tunisie"],"_links":{"self":[{"href":"https:\/\/linitiative.ca\/International\/wp-json\/wp\/v2\/posts\/120348","targetHints":{"allow":["GET"]}}],"collection":[{"href":"https:\/\/linitiative.ca\/International\/wp-json\/wp\/v2\/posts"}],"about":[{"href":"https:\/\/linitiative.ca\/International\/wp-json\/wp\/v2\/types\/post"}],"author":[{"embeddable":true,"href":"https:\/\/linitiative.ca\/International\/wp-json\/wp\/v2\/users\/1772"}],"replies":[{"embeddable":true,"href":"https:\/\/linitiative.ca\/International\/wp-json\/wp\/v2\/comments?post=120348"}],"version-history":[{"count":0,"href":"https:\/\/linitiative.ca\/International\/wp-json\/wp\/v2\/posts\/120348\/revisions"}],"wp:attachment":[{"href":"https:\/\/linitiative.ca\/International\/wp-json\/wp\/v2\/media?parent=120348"}],"wp:term":[{"taxonomy":"category","embeddable":true,"href":"https:\/\/linitiative.ca\/International\/wp-json\/wp\/v2\/categories?post=120348"},{"taxonomy":"post_tag","embeddable":true,"href":"https:\/\/linitiative.ca\/International\/wp-json\/wp\/v2\/tags?post=120348"}],"curies":[{"name":"wp","href":"https:\/\/api.w.org\/{rel}","templated":true}]}}