{"id":120356,"date":"2021-07-04T15:51:33","date_gmt":"2021-07-04T19:51:33","guid":{"rendered":"https:\/\/linitiative.ca\/International\/covid-19-le-maroc-face-au-defi-de-la-reprise-economique-par-charaf-louhmadi\/"},"modified":"2021-07-04T15:51:33","modified_gmt":"2021-07-04T19:51:33","slug":"covid-19-le-maroc-face-au-defi-de-la-reprise-economique-par-charaf-louhmadi","status":"publish","type":"post","link":"https:\/\/linitiative.ca\/International\/covid-19-le-maroc-face-au-defi-de-la-reprise-economique-par-charaf-louhmadi\/","title":{"rendered":"Covid-19. Le Maroc face au d\u00e9fi de la reprise \u00e9conomique [Par Charaf Louhmadi]"},"content":{"rendered":"<div><img decoding=\"async\" width=\"1307\" height=\"821\" src=\"https:\/\/linitiative.ca\/International\/wp-content\/uploads\/sites\/23\/2021\/07\/Charaf-Louhmadi-scaled-1.jpg\" class=\"attachment-post-thumbnail size-post-thumbnail wp-post-image\" alt=\"\" loading=\"lazy\" srcset=\"https:\/\/linitiative.ca\/International\/wp-content\/uploads\/sites\/23\/2021\/07\/Charaf-Louhmadi-scaled-1.jpg 1307w, https:\/\/www.challenge.ma\/wp-content\/uploads\/2021\/07\/Charaf-Louhmadi-scaled-1-300x188.jpg 300w, https:\/\/www.challenge.ma\/wp-content\/uploads\/2021\/07\/Charaf-Louhmadi-scaled-1-1024x643.jpg 1024w, https:\/\/www.challenge.ma\/wp-content\/uploads\/2021\/07\/Charaf-Louhmadi-scaled-1-768x482.jpg 768w, https:\/\/www.challenge.ma\/wp-content\/uploads\/2021\/07\/Charaf-Louhmadi-scaled-1-360x226.jpg 360w, https:\/\/www.challenge.ma\/wp-content\/uploads\/2021\/07\/Charaf-Louhmadi-scaled-1-750x471.jpg 750w\" sizes=\"auto, (max-width: 1307px) 100vw, 1307px\" itemprop=\"image\">Il y a un peu plus d\u2019une ann\u00e9e, le confinement au Maroc a bouscul\u00e9 nos vies et a terrass\u00e9 l\u2019\u00e9conomie. Chute record du PIB, des dizaines\u00a0 de milliers d\u2019emplois supprim\u00e9s, explosion de la dette, etc. Le Royaume peut-il retrouver son niveau \u00e9conomique d\u2019avant-crise ? Ing\u00e9nieur financier au sein de Natixis,<\/div>\n<p>Auteur: challenge<br \/>\n<a href=\"https:\/\/www.challenge.ma\/covid-19-le-maroc-face-au-defi-de-la-reprise-economique-par-charaf-louhmadi-191242\/\">Cliquez ici pour lire l&rsquo;article depuis sa source.<\/a><\/p>\n","protected":false},"excerpt":{"rendered":"<p>Il y a un peu plus d\u2019une ann\u00e9e, le confinement au Maroc a bouscul\u00e9 nos vies et a terrass\u00e9 l\u2019\u00e9conomie. Chute record du PIB, des dizaines\u00a0 de milliers d\u2019emplois supprim\u00e9s, explosion de la dette, etc. Le Royaume peut-il retrouver son niveau \u00e9conomique d\u2019avant-crise ? Ing\u00e9nieur financier au sein de Natixis, Auteur: challenge Cliquez ici pour [&hellip;]<\/p>\n","protected":false},"author":1787,"featured_media":0,"comment_status":"closed","ping_status":"closed","sticky":false,"template":"","format":"standard","meta":{"fifu_image_url":"https:\/\/www.challenge.ma\/wp-content\/uploads\/2021\/07\/Charaf-Louhmadi-scaled-1.jpg","fifu_image_alt":"Covid-19. Le Maroc face au d\u00e9fi de la reprise \u00e9conomique [Par Charaf Louhmadi]","footnotes":""},"categories":[78,54],"tags":[],"class_list":["post-120356","post","type-post","status-publish","format-standard","hentry","category-economie","category-maroc"],"_links":{"self":[{"href":"https:\/\/linitiative.ca\/International\/wp-json\/wp\/v2\/posts\/120356","targetHints":{"allow":["GET"]}}],"collection":[{"href":"https:\/\/linitiative.ca\/International\/wp-json\/wp\/v2\/posts"}],"about":[{"href":"https:\/\/linitiative.ca\/International\/wp-json\/wp\/v2\/types\/post"}],"author":[{"embeddable":true,"href":"https:\/\/linitiative.ca\/International\/wp-json\/wp\/v2\/users\/1787"}],"replies":[{"embeddable":true,"href":"https:\/\/linitiative.ca\/International\/wp-json\/wp\/v2\/comments?post=120356"}],"version-history":[{"count":0,"href":"https:\/\/linitiative.ca\/International\/wp-json\/wp\/v2\/posts\/120356\/revisions"}],"wp:attachment":[{"href":"https:\/\/linitiative.ca\/International\/wp-json\/wp\/v2\/media?parent=120356"}],"wp:term":[{"taxonomy":"category","embeddable":true,"href":"https:\/\/linitiative.ca\/International\/wp-json\/wp\/v2\/categories?post=120356"},{"taxonomy":"post_tag","embeddable":true,"href":"https:\/\/linitiative.ca\/International\/wp-json\/wp\/v2\/tags?post=120356"}],"curies":[{"name":"wp","href":"https:\/\/api.w.org\/{rel}","templated":true}]}}