{"id":120358,"date":"2021-07-04T16:49:35","date_gmt":"2021-07-04T20:49:35","guid":{"rendered":"https:\/\/linitiative.ca\/International\/maroc-trois-pays-ajoutes-a-la-liste-b\/"},"modified":"2021-07-04T16:49:35","modified_gmt":"2021-07-04T20:49:35","slug":"maroc-trois-pays-ajoutes-a-la-liste-b","status":"publish","type":"post","link":"https:\/\/linitiative.ca\/International\/maroc-trois-pays-ajoutes-a-la-liste-b\/","title":{"rendered":"Maroc. Trois pays ajout\u00e9s \u00e0 la liste B"},"content":{"rendered":"<div><img decoding=\"async\" width=\"775\" height=\"433\" src=\"https:\/\/linitiative.ca\/International\/wp-content\/uploads\/sites\/23\/2021\/07\/aeroport-maroc-2.jpg\" class=\"attachment-post-thumbnail size-post-thumbnail wp-post-image\" alt=\"\" loading=\"lazy\" srcset=\"https:\/\/linitiative.ca\/International\/wp-content\/uploads\/sites\/23\/2021\/07\/aeroport-maroc-2.jpg 775w, https:\/\/www.challenge.ma\/wp-content\/uploads\/2021\/06\/aeroport-maroc-2-300x168.jpg 300w, https:\/\/www.challenge.ma\/wp-content\/uploads\/2021\/06\/aeroport-maroc-2-768x429.jpg 768w, https:\/\/www.challenge.ma\/wp-content\/uploads\/2021\/06\/aeroport-maroc-2-360x201.jpg 360w, https:\/\/www.challenge.ma\/wp-content\/uploads\/2021\/06\/aeroport-maroc-2-750x419.jpg 750w\" sizes=\"auto, (max-width: 775px) 100vw, 775px\" itemprop=\"image\">Suite \u00e0 la diffusion d\u2019informations relatives \u00e0 une mise \u00e0 jour des conditions d\u2019acc\u00e8s au territoire marocain, le Comit\u00e9 interminist\u00e9riel du suivi du Covid-19 a annonc\u00e9, dimanche, qu\u2019aucun pays n\u2019a \u00e9t\u00e9 ajout\u00e9 \u00e0 la liste A, alors que trois nouveaux pays ont \u00e9t\u00e9 ajout\u00e9s \u00e0 la liste B, \u00e0 savoir<\/div>\n<p>Auteur: challenge<br \/>\n<a href=\"https:\/\/www.challenge.ma\/maroc-trois-pays-ajoutes-a-la-liste-b-191283\/\">Cliquez ici pour lire l&rsquo;article depuis sa source.<\/a><\/p>\n","protected":false},"excerpt":{"rendered":"<p>Suite \u00e0 la diffusion d\u2019informations relatives \u00e0 une mise \u00e0 jour des conditions d\u2019acc\u00e8s au territoire marocain, le Comit\u00e9 interminist\u00e9riel du suivi du Covid-19 a annonc\u00e9, dimanche, qu\u2019aucun pays n\u2019a \u00e9t\u00e9 ajout\u00e9 \u00e0 la liste A, alors que trois nouveaux pays ont \u00e9t\u00e9 ajout\u00e9s \u00e0 la liste B, \u00e0 savoir Auteur: challenge Cliquez ici pour [&hellip;]<\/p>\n","protected":false},"author":1787,"featured_media":0,"comment_status":"closed","ping_status":"closed","sticky":false,"template":"","format":"standard","meta":{"fifu_image_url":"https:\/\/www.challenge.ma\/wp-content\/uploads\/2021\/06\/aeroport-maroc-2.jpg","fifu_image_alt":"Maroc. Trois pays ajout\u00e9s \u00e0 la liste B","footnotes":""},"categories":[78,54],"tags":[],"class_list":["post-120358","post","type-post","status-publish","format-standard","hentry","category-economie","category-maroc"],"_links":{"self":[{"href":"https:\/\/linitiative.ca\/International\/wp-json\/wp\/v2\/posts\/120358","targetHints":{"allow":["GET"]}}],"collection":[{"href":"https:\/\/linitiative.ca\/International\/wp-json\/wp\/v2\/posts"}],"about":[{"href":"https:\/\/linitiative.ca\/International\/wp-json\/wp\/v2\/types\/post"}],"author":[{"embeddable":true,"href":"https:\/\/linitiative.ca\/International\/wp-json\/wp\/v2\/users\/1787"}],"replies":[{"embeddable":true,"href":"https:\/\/linitiative.ca\/International\/wp-json\/wp\/v2\/comments?post=120358"}],"version-history":[{"count":0,"href":"https:\/\/linitiative.ca\/International\/wp-json\/wp\/v2\/posts\/120358\/revisions"}],"wp:attachment":[{"href":"https:\/\/linitiative.ca\/International\/wp-json\/wp\/v2\/media?parent=120358"}],"wp:term":[{"taxonomy":"category","embeddable":true,"href":"https:\/\/linitiative.ca\/International\/wp-json\/wp\/v2\/categories?post=120358"},{"taxonomy":"post_tag","embeddable":true,"href":"https:\/\/linitiative.ca\/International\/wp-json\/wp\/v2\/tags?post=120358"}],"curies":[{"name":"wp","href":"https:\/\/api.w.org\/{rel}","templated":true}]}}