{"id":120360,"date":"2021-07-04T15:38:50","date_gmt":"2021-07-04T19:38:50","guid":{"rendered":"https:\/\/linitiative.ca\/International\/tunisie-le-torchon-brule-entre-lugtt-et-le-syndicat-de-lenseignement-secondaire\/"},"modified":"2021-07-04T15:38:50","modified_gmt":"2021-07-04T19:38:50","slug":"tunisie-le-torchon-brule-entre-lugtt-et-le-syndicat-de-lenseignement-secondaire","status":"publish","type":"post","link":"https:\/\/linitiative.ca\/International\/tunisie-le-torchon-brule-entre-lugtt-et-le-syndicat-de-lenseignement-secondaire\/","title":{"rendered":"Tunisie \u2013 Le torchon br\u00fble entre l\u2019UGTT et le syndicat de l\u2019enseignement secondaire"},"content":{"rendered":"<div>\n<p>Le Secr\u00e9taire g\u00e9n\u00e9ral du syndicat de l\u2019enseignement secondaire, Lassa\u00e2d Ya\u00e2koubi a condamn\u00e9, ce dimanche, ce qu\u2019il a consid\u00e9r\u00e9 comme un grave ant\u00e9c\u00e9dent, suite de \u00e0 la non invitation du syndicat de l\u2019enseignement secondaire aux assises de l\u2019instance administrative de l\u2019UGTT, \u00e0 sa derni\u00e8re r\u00e9union. Ya\u00e2koubi a assur\u00e9 que cette rupture entre la centrale et le [\u2026]<\/p>\n<p>L\u2019article <a href=\"https:\/\/www.tunisienumerique.com\/tunisie-le-torchon-brule-entre-lugtt-et-le-syndicat-de-lenseignement-secondaire\/\">Tunisie \u2013 Le torchon br\u00fble entre l\u2019UGTT et le syndicat de l\u2019enseignement secondaire<\/a> est apparu en premier sur <a href=\"https:\/\/www.tunisienumerique.com\/\">Tunisie<\/a>.<\/p>\n<\/div>\n<p>Auteur: LM<br \/>\n<a href=\"https:\/\/www.tunisienumerique.com\/tunisie-le-torchon-brule-entre-lugtt-et-le-syndicat-de-lenseignement-secondaire\/\">Cliquez ici pour lire l&rsquo;article depuis sa source.<\/a><\/p>\n","protected":false},"excerpt":{"rendered":"<p>Le Secr\u00e9taire g\u00e9n\u00e9ral du syndicat de l\u2019enseignement secondaire, Lassa\u00e2d Ya\u00e2koubi a condamn\u00e9, ce dimanche, ce qu\u2019il a consid\u00e9r\u00e9 comme un grave ant\u00e9c\u00e9dent, suite de \u00e0 la non invitation du syndicat de l\u2019enseignement secondaire aux assises de l\u2019instance administrative de l\u2019UGTT, \u00e0 sa derni\u00e8re r\u00e9union. Ya\u00e2koubi a assur\u00e9 que cette rupture entre la centrale et le [&hellip;]<\/p>\n","protected":false},"author":1789,"featured_media":0,"comment_status":"closed","ping_status":"closed","sticky":false,"template":"","format":"standard","meta":{"fifu_image_url":"","fifu_image_alt":"","footnotes":""},"categories":[73,55],"tags":[],"class_list":["post-120360","post","type-post","status-publish","format-standard","hentry","category-actualite","category-tunisie"],"_links":{"self":[{"href":"https:\/\/linitiative.ca\/International\/wp-json\/wp\/v2\/posts\/120360","targetHints":{"allow":["GET"]}}],"collection":[{"href":"https:\/\/linitiative.ca\/International\/wp-json\/wp\/v2\/posts"}],"about":[{"href":"https:\/\/linitiative.ca\/International\/wp-json\/wp\/v2\/types\/post"}],"author":[{"embeddable":true,"href":"https:\/\/linitiative.ca\/International\/wp-json\/wp\/v2\/users\/1789"}],"replies":[{"embeddable":true,"href":"https:\/\/linitiative.ca\/International\/wp-json\/wp\/v2\/comments?post=120360"}],"version-history":[{"count":0,"href":"https:\/\/linitiative.ca\/International\/wp-json\/wp\/v2\/posts\/120360\/revisions"}],"wp:attachment":[{"href":"https:\/\/linitiative.ca\/International\/wp-json\/wp\/v2\/media?parent=120360"}],"wp:term":[{"taxonomy":"category","embeddable":true,"href":"https:\/\/linitiative.ca\/International\/wp-json\/wp\/v2\/categories?post=120360"},{"taxonomy":"post_tag","embeddable":true,"href":"https:\/\/linitiative.ca\/International\/wp-json\/wp\/v2\/tags?post=120360"}],"curies":[{"name":"wp","href":"https:\/\/api.w.org\/{rel}","templated":true}]}}