{"id":120362,"date":"2021-07-04T16:03:40","date_gmt":"2021-07-04T20:03:40","guid":{"rendered":"https:\/\/linitiative.ca\/International\/a-38-ans-imed-meniaoui-retrouve-le-football\/"},"modified":"2021-07-04T16:03:40","modified_gmt":"2021-07-04T20:03:40","slug":"a-38-ans-imed-meniaoui-retrouve-le-football","status":"publish","type":"post","link":"https:\/\/linitiative.ca\/International\/a-38-ans-imed-meniaoui-retrouve-le-football\/","title":{"rendered":"A 38 ans, Imed Meniaoui retrouve le football"},"content":{"rendered":"<div>\n<p>La reprise des entra\u00eenements du Club Sportif de Hammam-Lif a \u00e9t\u00e9 marqu\u00e9e par la pr\u00e9sence de l\u2019attaquant Imed Meniaoui qui vient de retrouver le football et son \u00e9quipe apr\u00e8s une saison blanche. L\u2019ex joueur de l\u2019ES M\u00e9tlaoui et du Club Africain a rejoint le CSHL lors des barrages disput\u00e9s pour remplacer le CS Chebba en [\u2026]<\/p>\n<p>L\u2019article <a href=\"https:\/\/sport.tunisienumerique.com\/a-38-ans-imed-meniaoui-retrouve-le-football\/\">A 38 ans, Imed Meniaoui retrouve le football<\/a> est apparu en premier sur <a href=\"https:\/\/www.tunisienumerique.com\/\">Tunisie<\/a>.<\/p>\n<\/div>\n<p>Auteur:<br \/>\n<a href=\"https:\/\/sport.tunisienumerique.com\/a-38-ans-imed-meniaoui-retrouve-le-football\/\">Cliquez ici pour lire l&rsquo;article depuis sa source.<\/a><\/p>\n","protected":false},"excerpt":{"rendered":"<p>La reprise des entra\u00eenements du Club Sportif de Hammam-Lif a \u00e9t\u00e9 marqu\u00e9e par la pr\u00e9sence de l\u2019attaquant Imed Meniaoui qui vient de retrouver le football et son \u00e9quipe apr\u00e8s une saison blanche. L\u2019ex joueur de l\u2019ES M\u00e9tlaoui et du Club Africain a rejoint le CSHL lors des barrages disput\u00e9s pour remplacer le CS Chebba en [&hellip;]<\/p>\n","protected":false},"author":1789,"featured_media":0,"comment_status":"closed","ping_status":"closed","sticky":false,"template":"","format":"standard","meta":{"fifu_image_url":"","fifu_image_alt":"","footnotes":""},"categories":[73,55],"tags":[],"class_list":["post-120362","post","type-post","status-publish","format-standard","hentry","category-actualite","category-tunisie"],"_links":{"self":[{"href":"https:\/\/linitiative.ca\/International\/wp-json\/wp\/v2\/posts\/120362","targetHints":{"allow":["GET"]}}],"collection":[{"href":"https:\/\/linitiative.ca\/International\/wp-json\/wp\/v2\/posts"}],"about":[{"href":"https:\/\/linitiative.ca\/International\/wp-json\/wp\/v2\/types\/post"}],"author":[{"embeddable":true,"href":"https:\/\/linitiative.ca\/International\/wp-json\/wp\/v2\/users\/1789"}],"replies":[{"embeddable":true,"href":"https:\/\/linitiative.ca\/International\/wp-json\/wp\/v2\/comments?post=120362"}],"version-history":[{"count":0,"href":"https:\/\/linitiative.ca\/International\/wp-json\/wp\/v2\/posts\/120362\/revisions"}],"wp:attachment":[{"href":"https:\/\/linitiative.ca\/International\/wp-json\/wp\/v2\/media?parent=120362"}],"wp:term":[{"taxonomy":"category","embeddable":true,"href":"https:\/\/linitiative.ca\/International\/wp-json\/wp\/v2\/categories?post=120362"},{"taxonomy":"post_tag","embeddable":true,"href":"https:\/\/linitiative.ca\/International\/wp-json\/wp\/v2\/tags?post=120362"}],"curies":[{"name":"wp","href":"https:\/\/api.w.org\/{rel}","templated":true}]}}