{"id":120363,"date":"2021-07-04T16:44:33","date_gmt":"2021-07-04T20:44:33","guid":{"rendered":"https:\/\/linitiative.ca\/International\/video-la-libye-na-pas-donne-daide-financiere-a-la-tunisie\/"},"modified":"2021-07-04T16:44:33","modified_gmt":"2021-07-04T20:44:33","slug":"video-la-libye-na-pas-donne-daide-financiere-a-la-tunisie","status":"publish","type":"post","link":"https:\/\/linitiative.ca\/International\/video-la-libye-na-pas-donne-daide-financiere-a-la-tunisie\/","title":{"rendered":"VIDEO\u00a0: La Libye n\u2019a pas donn\u00e9 d\u2019aide financi\u00e8re \u00e0 La Tunisie\u00a0!"},"content":{"rendered":"<div>\n<p>Le chef du gouvernement libyen, Abdelhamid Dbaiba, a annonc\u00e9, hier, samedi, en r\u00e9ponse \u00e0 la question d\u2019un citoyen libyen, que son gouvernement n\u2019a pas donn\u00e9 d\u2019aide financi\u00e8re \u00e0 la Tunisie, lors de la derni\u00e8re visite de Mechichi \u00e0 Tripoli. Ila, n\u00e9anmoins, assur\u00e9 que nos deux pays sont unis, et nos deux peuples sont fr\u00e8res. Il [\u2026]<\/p>\n<p>L\u2019article <a href=\"https:\/\/www.tunisienumerique.com\/video-la-libye-na-pas-donne-daide-financiere-a-la-tunisie\/\">VIDEO\u00a0: La Libye n\u2019a pas donn\u00e9 d\u2019aide financi\u00e8re \u00e0 La Tunisie\u00a0!<\/a> est apparu en premier sur <a href=\"https:\/\/www.tunisienumerique.com\/\">Tunisie<\/a>.<\/p>\n<\/div>\n<p>Auteur: LM<br \/>\n<a href=\"https:\/\/www.tunisienumerique.com\/video-la-libye-na-pas-donne-daide-financiere-a-la-tunisie\/\">Cliquez ici pour lire l&rsquo;article depuis sa source.<\/a><\/p>\n","protected":false},"excerpt":{"rendered":"<p>Le chef du gouvernement libyen, Abdelhamid Dbaiba, a annonc\u00e9, hier, samedi, en r\u00e9ponse \u00e0 la question d\u2019un citoyen libyen, que son gouvernement n\u2019a pas donn\u00e9 d\u2019aide financi\u00e8re \u00e0 la Tunisie, lors de la derni\u00e8re visite de Mechichi \u00e0 Tripoli. Ila, n\u00e9anmoins, assur\u00e9 que nos deux pays sont unis, et nos deux peuples sont fr\u00e8res. Il [&hellip;]<\/p>\n","protected":false},"author":1789,"featured_media":0,"comment_status":"closed","ping_status":"closed","sticky":false,"template":"","format":"standard","meta":{"fifu_image_url":"","fifu_image_alt":"","footnotes":""},"categories":[73,55],"tags":[],"class_list":["post-120363","post","type-post","status-publish","format-standard","hentry","category-actualite","category-tunisie"],"_links":{"self":[{"href":"https:\/\/linitiative.ca\/International\/wp-json\/wp\/v2\/posts\/120363","targetHints":{"allow":["GET"]}}],"collection":[{"href":"https:\/\/linitiative.ca\/International\/wp-json\/wp\/v2\/posts"}],"about":[{"href":"https:\/\/linitiative.ca\/International\/wp-json\/wp\/v2\/types\/post"}],"author":[{"embeddable":true,"href":"https:\/\/linitiative.ca\/International\/wp-json\/wp\/v2\/users\/1789"}],"replies":[{"embeddable":true,"href":"https:\/\/linitiative.ca\/International\/wp-json\/wp\/v2\/comments?post=120363"}],"version-history":[{"count":0,"href":"https:\/\/linitiative.ca\/International\/wp-json\/wp\/v2\/posts\/120363\/revisions"}],"wp:attachment":[{"href":"https:\/\/linitiative.ca\/International\/wp-json\/wp\/v2\/media?parent=120363"}],"wp:term":[{"taxonomy":"category","embeddable":true,"href":"https:\/\/linitiative.ca\/International\/wp-json\/wp\/v2\/categories?post=120363"},{"taxonomy":"post_tag","embeddable":true,"href":"https:\/\/linitiative.ca\/International\/wp-json\/wp\/v2\/tags?post=120363"}],"curies":[{"name":"wp","href":"https:\/\/api.w.org\/{rel}","templated":true}]}}