{"id":120365,"date":"2021-07-04T14:56:08","date_gmt":"2021-07-04T18:56:08","guid":{"rendered":"https:\/\/linitiative.ca\/International\/reprise-de-la-cooperation-militaire-francaise-avec-le-mali\/"},"modified":"2021-07-04T14:56:08","modified_gmt":"2021-07-04T18:56:08","slug":"reprise-de-la-cooperation-militaire-francaise-avec-le-mali","status":"publish","type":"post","link":"https:\/\/linitiative.ca\/International\/reprise-de-la-cooperation-militaire-francaise-avec-le-mali\/","title":{"rendered":"REPRISE DE LA COOPERATION MILITAIRE FRANCAISE AVEC LE MALI"},"content":{"rendered":"<div>\n<p><img decoding=\"async\" width=\"275\" height=\"183\" src=\"https:\/\/linitiative.ca\/International\/wp-content\/uploads\/sites\/23\/2021\/07\/REPRISE.jpg\" class=\"attachment- size- wp-post-image\" alt=\"\" loading=\"lazy\" style=\"float:left; margin:0 15px 15px 0;\">Moins d\u2019un mois apr\u00e8s avoir suspendu sa coop\u00e9ration militaire avec le Mali de Assimi \u00a0Go\u00efta, la France a annonc\u00e9, dans un communiqu\u00e9, la reprise des patrouilles conjointes avec les Forces arm\u00e9es nationales du Mali (FAMA). Selon des sources bien introduites, la fin de la rupture entre les deux alli\u00e9s est intervenue suite \u00e0 une intense \u2026<\/p>\n<p>L\u2019article <a rel=\"nofollow\" href=\"https:\/\/lepays.bf\/reprise-de-la-cooperation-militaire-francaise-avec-le-mali\/\">REPRISE DE LA COOPERATION MILITAIRE FRANCAISE AVEC LE MALI<\/a> est apparu en premier sur <a rel=\"nofollow\" href=\"https:\/\/lepays.bf\/\">Editions Le Pays<\/a>.<\/p>\n<\/div>\n<p>Auteur: Editions LEPAYS<br \/>\n<a href=\"https:\/\/lepays.bf\/reprise-de-la-cooperation-militaire-francaise-avec-le-mali\/\">Cliquez ici pour lire l&rsquo;article depuis sa source.<\/a><\/p>\n","protected":false},"excerpt":{"rendered":"<p>Moins d\u2019un mois apr\u00e8s avoir suspendu sa coop\u00e9ration militaire avec le Mali de Assimi \u00a0Go\u00efta, la France a annonc\u00e9, dans un communiqu\u00e9, la reprise des patrouilles conjointes avec les Forces arm\u00e9es nationales du Mali (FAMA). Selon des sources bien introduites, la fin de la rupture entre les deux alli\u00e9s est intervenue suite \u00e0 une intense [&hellip;]<\/p>\n","protected":false},"author":1813,"featured_media":0,"comment_status":"closed","ping_status":"closed","sticky":false,"template":"","format":"standard","meta":{"fifu_image_url":"https:\/\/lepays.bf\/wp-content\/uploads\/2021\/07\/REPRISE.jpg","fifu_image_alt":"REPRISE DE LA COOPERATION MILITAIRE FRANCAISE AVEC LE MALI","footnotes":""},"categories":[73,81],"tags":[],"class_list":["post-120365","post","type-post","status-publish","format-standard","hentry","category-actualite","category-burkina-faso"],"_links":{"self":[{"href":"https:\/\/linitiative.ca\/International\/wp-json\/wp\/v2\/posts\/120365","targetHints":{"allow":["GET"]}}],"collection":[{"href":"https:\/\/linitiative.ca\/International\/wp-json\/wp\/v2\/posts"}],"about":[{"href":"https:\/\/linitiative.ca\/International\/wp-json\/wp\/v2\/types\/post"}],"author":[{"embeddable":true,"href":"https:\/\/linitiative.ca\/International\/wp-json\/wp\/v2\/users\/1813"}],"replies":[{"embeddable":true,"href":"https:\/\/linitiative.ca\/International\/wp-json\/wp\/v2\/comments?post=120365"}],"version-history":[{"count":0,"href":"https:\/\/linitiative.ca\/International\/wp-json\/wp\/v2\/posts\/120365\/revisions"}],"wp:attachment":[{"href":"https:\/\/linitiative.ca\/International\/wp-json\/wp\/v2\/media?parent=120365"}],"wp:term":[{"taxonomy":"category","embeddable":true,"href":"https:\/\/linitiative.ca\/International\/wp-json\/wp\/v2\/categories?post=120365"},{"taxonomy":"post_tag","embeddable":true,"href":"https:\/\/linitiative.ca\/International\/wp-json\/wp\/v2\/tags?post=120365"}],"curies":[{"name":"wp","href":"https:\/\/api.w.org\/{rel}","templated":true}]}}