{"id":120369,"date":"2021-07-04T15:05:15","date_gmt":"2021-07-04T19:05:15","guid":{"rendered":"https:\/\/linitiative.ca\/International\/marches-du-cfop-contre-linsecurite-au-burkina\/"},"modified":"2021-07-04T15:05:15","modified_gmt":"2021-07-04T19:05:15","slug":"marches-du-cfop-contre-linsecurite-au-burkina","status":"publish","type":"post","link":"https:\/\/linitiative.ca\/International\/marches-du-cfop-contre-linsecurite-au-burkina\/","title":{"rendered":"MARCHES DU CFOP CONTRE L\u2019INSECURITE AU BURKINA  \u00a0"},"content":{"rendered":"<div>\n<p><img decoding=\"async\" width=\"640\" height=\"479\" src=\"https:\/\/linitiative.ca\/International\/wp-content\/uploads\/sites\/23\/2021\/07\/MANIFS.jpg\" class=\"attachment- size- wp-post-image\" alt=\"\" loading=\"lazy\" style=\"float:left; margin:0 15px 15px 0;\" srcset=\"https:\/\/linitiative.ca\/International\/wp-content\/uploads\/sites\/23\/2021\/07\/MANIFS.jpg 640w, https:\/\/lepays.bf\/wp-content\/uploads\/2021\/07\/MANIFS-300x225.jpg 300w\" sizes=\"auto, (max-width: 640px) 100vw, 640px\">Une foule compacte et impossible \u00e0 d\u00e9nombrer a pris d\u2019assaut les art\u00e8res de la ville de Ouagadougou, le 3 juillet dernier, pour une \u00ab\u00a0marche silencieuse et pacifique\u00a0\u00bb contre la mani\u00e8re dont le r\u00e9gime actuel g\u00e8re la question s\u00e9curitaire depuis que le diable s\u2019est introduit dans la \u2018\u2019maison Burkina\u2019\u2019 en 2015. Aucun incident n\u2019a \u00e9t\u00e9 rapport\u00e9 \u2026<\/p>\n<p>L\u2019article <a rel=\"nofollow\" href=\"https:\/\/lepays.bf\/marches-du-cfop-contre-linsecurite-au-burkina\/\">MARCHES DU CFOP CONTRE L\u2019INSECURITE AU BURKINA  \u00a0<\/a> est apparu en premier sur <a rel=\"nofollow\" href=\"https:\/\/lepays.bf\/\">Editions Le Pays<\/a>.<\/p>\n<\/div>\n<p>Auteur: Editions LEPAYS<br \/>\n<a href=\"https:\/\/lepays.bf\/marches-du-cfop-contre-linsecurite-au-burkina\/\">Cliquez ici pour lire l&rsquo;article depuis sa source.<\/a><\/p>\n","protected":false},"excerpt":{"rendered":"<p>Une foule compacte et impossible \u00e0 d\u00e9nombrer a pris d\u2019assaut les art\u00e8res de la ville de Ouagadougou, le 3 juillet dernier, pour une \u00ab\u00a0marche silencieuse et pacifique\u00a0\u00bb contre la mani\u00e8re dont le r\u00e9gime actuel g\u00e8re la question s\u00e9curitaire depuis que le diable s\u2019est introduit dans la \u2018\u2019maison Burkina\u2019\u2019 en 2015. Aucun incident n\u2019a \u00e9t\u00e9 rapport\u00e9 [&hellip;]<\/p>\n","protected":false},"author":1813,"featured_media":0,"comment_status":"closed","ping_status":"closed","sticky":false,"template":"","format":"standard","meta":{"fifu_image_url":"https:\/\/lepays.bf\/wp-content\/uploads\/2021\/07\/MANIFS.jpg","fifu_image_alt":"MARCHES DU CFOP CONTRE L\u2019INSECURITE AU BURKINA  \u00a0","footnotes":""},"categories":[73,81],"tags":[],"class_list":["post-120369","post","type-post","status-publish","format-standard","hentry","category-actualite","category-burkina-faso"],"_links":{"self":[{"href":"https:\/\/linitiative.ca\/International\/wp-json\/wp\/v2\/posts\/120369","targetHints":{"allow":["GET"]}}],"collection":[{"href":"https:\/\/linitiative.ca\/International\/wp-json\/wp\/v2\/posts"}],"about":[{"href":"https:\/\/linitiative.ca\/International\/wp-json\/wp\/v2\/types\/post"}],"author":[{"embeddable":true,"href":"https:\/\/linitiative.ca\/International\/wp-json\/wp\/v2\/users\/1813"}],"replies":[{"embeddable":true,"href":"https:\/\/linitiative.ca\/International\/wp-json\/wp\/v2\/comments?post=120369"}],"version-history":[{"count":0,"href":"https:\/\/linitiative.ca\/International\/wp-json\/wp\/v2\/posts\/120369\/revisions"}],"wp:attachment":[{"href":"https:\/\/linitiative.ca\/International\/wp-json\/wp\/v2\/media?parent=120369"}],"wp:term":[{"taxonomy":"category","embeddable":true,"href":"https:\/\/linitiative.ca\/International\/wp-json\/wp\/v2\/categories?post=120369"},{"taxonomy":"post_tag","embeddable":true,"href":"https:\/\/linitiative.ca\/International\/wp-json\/wp\/v2\/tags?post=120369"}],"curies":[{"name":"wp","href":"https:\/\/api.w.org\/{rel}","templated":true}]}}