{"id":120371,"date":"2021-07-03T21:18:02","date_gmt":"2021-07-04T01:18:02","guid":{"rendered":"https:\/\/linitiative.ca\/International\/de-retour-a-abidjan-bendjo-remercie-ouattara-et-linvite-au-dialogue-avec-bedie\/"},"modified":"2021-07-03T21:18:02","modified_gmt":"2021-07-04T01:18:02","slug":"de-retour-a-abidjan-bendjo-remercie-ouattara-et-linvite-au-dialogue-avec-bedie","status":"publish","type":"post","link":"https:\/\/linitiative.ca\/International\/de-retour-a-abidjan-bendjo-remercie-ouattara-et-linvite-au-dialogue-avec-bedie\/","title":{"rendered":"De retour \u00e0 Abidjan, Bendjo remercie Ouattara et l\u2019invite au dialogue avec B\u00e9di\u00e9"},"content":{"rendered":"<div>\n<p><img loading=\"lazy\" decoding=\"async\" width=\"800\" height=\"533\" src=\"https:\/\/linitiative.ca\/International\/wp-content\/uploads\/sites\/23\/2021\/07\/16253614828787.jpg\" class=\"attachment-post-thumbnail size-post-thumbnail wp-post-image\" alt=\"\" srcset=\"https:\/\/linitiative.ca\/International\/wp-content\/uploads\/sites\/23\/2021\/07\/16253614828787.jpg 800w, https:\/\/www.journalducameroun.com\/wp-content\/uploads\/2021\/07\/16253614828787-300x200.jpg 300w, https:\/\/www.journalducameroun.com\/wp-content\/uploads\/2021\/07\/16253614828787-768x512.jpg 768w, https:\/\/www.journalducameroun.com\/wp-content\/uploads\/2021\/07\/16253614828787-660x440.jpg 660w, https:\/\/www.journalducameroun.com\/wp-content\/uploads\/2021\/07\/16253614828787-600x400.jpg 600w\" sizes=\"auto, (max-width: 800px) 100vw, 800px\"><\/p>\n<p>De retour au pays apr\u00e8s \u00ab\u00a0trois ans d&rsquo;exil\u00a0\u00bb, No\u00ebl Akossi Bendjo, l&rsquo;ex-maire du Plateau, le centre des affaires d&rsquo;Abidjan, a traduit samedi ses remerciements \u00e0 Alassane Ouattara, tout en l&rsquo;invitant \u00e0 poursuivre le dialogue avec Henri Konan B\u00e9di\u00e9.<\/p>\n<p>Devant des militants du Parti d\u00e9mocratique de C\u00f4te d&rsquo;Ivoire (Pdci, ex-alli\u00e9 au pouvoir), Akossi Bendjo, vice-pr\u00e9sident de cette formation politique, visiblement heureux de retrouver les siens, a demand\u00e9 \u00e0 son mentor, M. B\u00e9di\u00e9 de transmettre ses remerciements au chef de l&rsquo;Etat.\u00a0<\/p>\n<p>Arriv\u00e9 autour de 20h (GMT, heure locale) \u00e0 l&rsquo;a\u00e9roport d&rsquo;Abidjan, Akossi Bendjo, est apparu dans la mythique salle F\u00e9lix Houphou\u00ebt-Boigny du si\u00e8ge du Pdci \u00e0 Cocody (Est Abidjan) \u00e0 20h42, sous des salves d&rsquo;applaudissements, des danses et des chants aux rythmes de la fanfare.\u00a0<\/p>\n<p>Certains cherchaient \u00e0 le voir, mais n&rsquo;y arrivaient pas \u00e0 cause de la foule compacte. Sur des T-shirts \u00e0 son effigie ou des pancartes, l&rsquo;on pouvait lire: \u00ab\u00a0gloire \u00e0 Dieu\u00a0\u00bb, \u00ab\u00a0bienvenue au loyal et fid\u00e8le serviteur de B\u00e9di\u00e9\u00a0\u00bb.<\/p>\n<p>V\u00eatu d&rsquo;un blazer bleu et d&rsquo;un pantalon tirant sur le blanc, Akossi Bendjo, vice-pr\u00e9sident du Pdci, qui avait en charge l&rsquo;organisation et la mobilisation au sein du Pdci, gardait toujours ses traits de visage et avait bonne mine. \u00a0<\/p>\n<p>\u00c0 l&rsquo;entame de ses propos, il a manifest\u00e9 sa reconnaissance \u00e0 M. Basile Yao qui fut son tuteur durant son s\u00e9jour \u00e0 Paris, d&rsquo;o\u00f9 il a regagn\u00e9 la capitale \u00e9conomique ivoirienne avec son \u00e9pouse, Lydie Bendjo.\u00a0<\/p>\n<p>\u00ab\u00a0\u00c9loign\u00e9s, mon \u00e9pouse et moi de notre pays, de notre famille politique, mais surtout de notre maison commune, la Maison du parti qui nous ouvre aujourd&rsquo;hui grandement les portes avec tant de chaleurs\u00a0\u00bb, a d\u00e9clar\u00e9 M. Bendjo qui a exprim\u00e9 sa joie et ses \u00e9motions, dans un discours, au si\u00e8ge du parti.<\/p>\n<p>\u00ab\u00a0Croyants que nous sommes, nous savons que le temps de Dieu n&rsquo;est pas le temps des hommes, et que les \u00e9preuves que Dieu dresse sur notre chemin, servent \u00e0 sa gloire et que toute la gloire soit rendue \u00e0 Dieu\u00a0\u00bb, a-t-il ajout\u00e9.<\/p>\n<p>Il a en outre exprim\u00e9 toute sa reconnaissance \u00e0 Henri Konan B\u00e9di\u00e9, pr\u00e9sident du Pdci, et adress\u00e9 ses \u00ab\u00a0sinc\u00e8res remerciements\u00a0\u00bb au pr\u00e9sident Alassane Ouattara pour avoir engag\u00e9 le dialogue qui permet la lib\u00e9ration des prisonniers dans le cadre de la crise socio-politique. \u00a0<\/p>\n<p>L&rsquo;ex-maire du Plateau, le Centre des Affaires d&rsquo;Abidjan, a invit\u00e9 MM. B\u00e9di\u00e9 et Ouattara \u00e0 \u00ab\u00a0poursuivre le processus de d\u00e9crispation qu&rsquo;ils ont engag\u00e9 en vue de la r\u00e9conciliation totale des fils et des filles\u00a0\u00bb du pays.<\/p>\n<p>Cette mobilisation \u00e0 son endroit, dira-t-il, montre que \u00ab\u00a0le Pdci est debout\u00a0\u00bb. Les membres du parti, durant ces trois ann\u00e9es d&rsquo;exil, lui ont apport\u00e9 leur soutien \u00e0 divers niveaux. Il a pri\u00e9 que Dieu le leur rende cela en gr\u00e2ces.<\/p>\n<p>Pour lui, \u00ab\u00a0la C\u00f4te d&rsquo;Ivoire a besoin de r\u00e9conciliation et de paix d\u00e9finitive\u00a0\u00bb au regard de nombreux morts que le pays a enregistr\u00e9 pendant les pr\u00e9c\u00e9dentes crises, qui ont arrach\u00e9 \u00e0 l&rsquo;affection des siens certaines personnes.<\/p>\n<p>\u00ab\u00a0Je suis rentr\u00e9 d&rsquo;exil sans haine, sans vengeance, je suis rentr\u00e9 avec amour, tol\u00e9rance, esprit de paix et de r\u00e9conciliation\u00a0\u00bb, a lanc\u00e9 l&rsquo;ex-maire du Plateau, estimant que \u00ab\u00a0nous devons tous \u00e0 pr\u00e9sent mettre de c\u00f4t\u00e9 nos vell\u00e9it\u00e9s partisanes qui ne servent que nos int\u00e9r\u00eats \u00e9go\u00efstes\u00a0\u00bb.<\/p>\n<p>Et ce, \u00ab\u00a0en d\u00e9sarmant nos plumes, nos langues, en d\u00e9sarmant nos coeurs, (car) aujourd&rsquo;hui face au d\u00e9fi sanitaire de la Covid-19 et les d\u00e9fis s\u00e9curitaires, nous avons une seule et une seule arme, notre unit\u00e9\u00a0\u00bb.\u00a0<\/p>\n<p>Selon M. Bendjo, les populations ont besoin de coh\u00e9sion et de paix pour esp\u00e9rer vivre dignement, et cela ne peut se faire si les Ivoiriens ne sont pas tol\u00e9rants et ne savent pas pardonner ou encore n&rsquo;apprennent pas \u00e0 s&rsquo;aimer et respecter leurs diff\u00e9rences.\u00a0<\/p>\n<p>\u00ab\u00a0Rien ne peut se faire sans sacrifices, et moi-m\u00eame j&rsquo;ai fait le sacrifice pour notre pays, surtout pour notre parti. Oui, nous devons relever ce d\u00e9fi, accepter de faire des sacrifices individuellement et collectivement afin de r\u00e9ussir cette r\u00e9conciliation\u00a0\u00bb, a-t-il insist\u00e9.<\/p>\n<p>Dans cet \u00e9lan, il a relev\u00e9 qu'\u00a0\u00bbil faut saluer et soutenir la volont\u00e9 de nos leaders et les encourager \u00e0 poser chaque jour davantage des actes concrets\u00a0\u00bb en termes de coh\u00e9sion sociale. Et \u00ab\u00a0c&rsquo;est \u00e0 juste titre que M. B\u00e9di\u00e9 ne cesse d&rsquo;appeler au dialogue inclusif qui aura l&rsquo;avantage de traiter en profondeur tous les maux\u00a0\u00bb de la soci\u00e9t\u00e9 ivoirienne.\u00a0<\/p>\n<p>\u00ab\u00a0Cette unit\u00e9 nationale recherch\u00e9e commence par l&rsquo;unit\u00e9 au sein de tous les partis\u00a0\u00bb politiques, qu&rsquo; ils soient de gauche, de droite ou centristes et cela doit \u00eatre la \u00ab\u00a0priorit\u00e9\u00a0\u00bb du Pdci actuellement, a fait remarquer M. Akossi Bendjo.<\/p>\n<p>Son retour \u00e0 Abidjan intervient pr\u00e8s de deux semaines apr\u00e8s l&rsquo;arriv\u00e9e en C\u00f4te d&rsquo;Ivoire de l&rsquo;ancien pr\u00e9sident ivoirien Laurent Gbagbo, acquitt\u00e9 par la Cour p\u00e9nale internationale (CPI) suite \u00e0 un proc\u00e8s \u00e0 La Haye.\u00a0<\/p>\n<p>L&rsquo;ancien maire du Plateau, Akossi Bendjo avait quitt\u00e9 la C\u00f4te d&rsquo;Ivoire en juillet 2018 \u00e0 la suite de poursuites judiciaires le visant pour d\u00e9tournement de deniers publics. Il n&rsquo;avait plus regagn\u00e9 son pays jusqu&rsquo;\u00e0 ce jour.\u00a0<\/p>\n<p>Cet article <a rel=\"nofollow\" href=\"https:\/\/www.journalducameroun.com\/de-retour-a-abidjan-bendjo-remercie-ouattara-et-linvite-au-dialogue-avec-bedie\/\">De retour \u00e0 Abidjan, Bendjo remercie Ouattara et l\u2019invite au dialogue avec B\u00e9di\u00e9<\/a> est apparu en premier sur <a rel=\"nofollow\" href=\"https:\/\/www.journalducameroun.com\/\">Journal du Cameroun<\/a>.<\/p>\n<\/div>\n<p>Auteur: APA News<br \/>\n<a href=\"https:\/\/www.journalducameroun.com\/de-retour-a-abidjan-bendjo-remercie-ouattara-et-linvite-au-dialogue-avec-bedie\/\">Cliquez ici pour lire l&rsquo;article depuis sa source.<\/a><\/p>\n","protected":false},"excerpt":{"rendered":"<p>De retour au pays apr\u00e8s \u00ab\u00a0trois ans d&rsquo;exil\u00a0\u00bb, No\u00ebl Akossi Bendjo, l&rsquo;ex-maire du Plateau, le centre des affaires d&rsquo;Abidjan, a traduit samedi ses remerciements \u00e0 Alassane Ouattara, tout en l&rsquo;invitant \u00e0 poursuivre le dialogue avec Henri Konan B\u00e9di\u00e9. Devant des militants du Parti d\u00e9mocratique de C\u00f4te d&rsquo;Ivoire (Pdci, ex-alli\u00e9 au pouvoir), Akossi Bendjo, vice-pr\u00e9sident de [&hellip;]<\/p>\n","protected":false},"author":1965,"featured_media":0,"comment_status":"closed","ping_status":"closed","sticky":false,"template":"","format":"standard","meta":{"fifu_image_url":"https:\/\/www.journalducameroun.com\/wp-content\/uploads\/2021\/07\/16253614828787.jpg","fifu_image_alt":"De retour \u00e0 Abidjan, Bendjo remercie Ouattara et l\u2019invite au dialogue avec B\u00e9di\u00e9","footnotes":""},"categories":[73,82],"tags":[],"class_list":["post-120371","post","type-post","status-publish","format-standard","hentry","category-actualite","category-cameroun"],"_links":{"self":[{"href":"https:\/\/linitiative.ca\/International\/wp-json\/wp\/v2\/posts\/120371","targetHints":{"allow":["GET"]}}],"collection":[{"href":"https:\/\/linitiative.ca\/International\/wp-json\/wp\/v2\/posts"}],"about":[{"href":"https:\/\/linitiative.ca\/International\/wp-json\/wp\/v2\/types\/post"}],"author":[{"embeddable":true,"href":"https:\/\/linitiative.ca\/International\/wp-json\/wp\/v2\/users\/1965"}],"replies":[{"embeddable":true,"href":"https:\/\/linitiative.ca\/International\/wp-json\/wp\/v2\/comments?post=120371"}],"version-history":[{"count":0,"href":"https:\/\/linitiative.ca\/International\/wp-json\/wp\/v2\/posts\/120371\/revisions"}],"wp:attachment":[{"href":"https:\/\/linitiative.ca\/International\/wp-json\/wp\/v2\/media?parent=120371"}],"wp:term":[{"taxonomy":"category","embeddable":true,"href":"https:\/\/linitiative.ca\/International\/wp-json\/wp\/v2\/categories?post=120371"},{"taxonomy":"post_tag","embeddable":true,"href":"https:\/\/linitiative.ca\/International\/wp-json\/wp\/v2\/tags?post=120371"}],"curies":[{"name":"wp","href":"https:\/\/api.w.org\/{rel}","templated":true}]}}