{"id":120375,"date":"2021-07-04T09:03:59","date_gmt":"2021-07-04T13:03:59","guid":{"rendered":"https:\/\/linitiative.ca\/International\/cameroun-patrick-mboma-pressenti-au-poste-de-secretaire-general-adjoint-de-la-caf-exclusivite\/"},"modified":"2021-07-04T09:03:59","modified_gmt":"2021-07-04T13:03:59","slug":"cameroun-patrick-mboma-pressenti-au-poste-de-secretaire-general-adjoint-de-la-caf-exclusivite","status":"publish","type":"post","link":"https:\/\/linitiative.ca\/International\/cameroun-patrick-mboma-pressenti-au-poste-de-secretaire-general-adjoint-de-la-caf-exclusivite\/","title":{"rendered":"Cameroun : Patrick Mboma pressenti au poste de secr\u00e9taire g\u00e9n\u00e9ral adjoint de la CAF (exclusivit\u00e9)"},"content":{"rendered":"<div>\n<p><img loading=\"lazy\" decoding=\"async\" width=\"960\" height=\"808\" src=\"https:\/\/linitiative.ca\/International\/wp-content\/uploads\/sites\/23\/2021\/07\/1625403370749_1625403367407_Patrick-MBOMA.jpg\" class=\"attachment-post-thumbnail size-post-thumbnail wp-post-image\" alt=\"\" srcset=\"https:\/\/linitiative.ca\/International\/wp-content\/uploads\/sites\/23\/2021\/07\/1625403370749_1625403367407_Patrick-MBOMA.jpg 960w, https:\/\/www.journalducameroun.com\/wp-content\/uploads\/2021\/07\/1625403370749_1625403367407_Patrick-MBOMA-300x253.jpg 300w, https:\/\/www.journalducameroun.com\/wp-content\/uploads\/2021\/07\/1625403370749_1625403367407_Patrick-MBOMA-768x646.jpg 768w, https:\/\/www.journalducameroun.com\/wp-content\/uploads\/2021\/07\/1625403370749_1625403367407_Patrick-MBOMA-523x440.jpg 523w, https:\/\/www.journalducameroun.com\/wp-content\/uploads\/2021\/07\/1625403370749_1625403367407_Patrick-MBOMA-600x505.jpg 600w\" sizes=\"auto, (max-width: 960px) 100vw, 960px\"><\/p>\n<p style=\"font-weight: 400; text-align: justify;\"><strong><em>L\u2019instance fa\u00eeti\u00e8re du football africain est \u00e0 la recherche du successeur d\u2019Anthony Baffoe, d\u00e9missionnaire \u00e0 ce poste. Le profil de l\u2019ex-gloire camerounaise Patrick Mboma, qui poss\u00e8de un MBA en sport et management et administration du football, est en \u00e9valuation \u00e0 la CAF.<\/em><\/strong><\/p>\n<p style=\"font-weight: 400; text-align: justify;\">Patrick Mboma, 50 ans, consultant \u00e0 la cha\u00eene crypt\u00e9e Canal+, va vraisemblablement changer de maillot dans les tout prochains jours. Il est en pleines n\u00e9gociations avec la Conf\u00e9d\u00e9ration africaine de football (CAF) pour occuper le poste de secr\u00e9taire g\u00e9n\u00e9ral adjoint,\u00a0 laiss\u00e9 vacant\u00a0 par le Ghan\u00e9en Anthony Baffoe. S\u2019il y a toujours une clause de confidentialit\u00e9 doubl\u00e9e d\u2019une obligation de r\u00e9serve dans ce genre de n\u00e9gociation, tout laisse croire, selon nos sources, que Patrick Mboma est en pole position pour occuper ce poste. Une r\u00e8gle non \u00e9crite \u00e0 la CAF veut que le poste de secr\u00e9taire g\u00e9n\u00e9ral adjoint revienne \u00e0 un ancien footballeur africain.<\/p>\n<p style=\"font-weight: 400; text-align: justify;\">Si au sein de la CAF certains membres du Comit\u00e9 ex\u00e9cutif n\u2019appr\u00e9cient pas trop le fait que deux Camerounais se retrouvent au sommet de la pyramide administrative &#8211; Alexandre Siew\u00e9 aux fonctions de directeur de la Communication et maintenant Patrick Mboma au secr\u00e9tariat g\u00e9n\u00e9ral -, le pr\u00e9sident de la CAF Patrice Motsepe ne s\u2019y oppose pas,<em>\u00a0\u00ab tant qu\u2019ils sont comp\u00e9tentes, int\u00e8gres et panafricanistes \u00bb.<\/em>\u00a0Avec un tel adoubement, le choix port\u00e9 sur Patrick Mboma n\u2019est plus qu\u2019une question d\u2019heures.<\/p>\n<p style=\"font-weight: 400; text-align: justify;\"><strong>Nouveaux formats des comp\u00e9titions\u00a0<\/strong><\/p>\n<p style=\"font-weight: 400; text-align: justify;\">Patrick Mboma n\u2019arriverait pas \u00e0 la CAF par hasard. En 2018, alors qu\u2019il effectue une formation dipl\u00f4mante avec l\u2019UEFA, un MBA en sport et management et administration du football, il passe trois mois comme stagiaire au si\u00e8ge de l\u2019instance fa\u00eeti\u00e8re du football africain,\u00a0<em>\u00ab pour r\u00e9fl\u00e9chir sur des nouveaux formats des comp\u00e9titions \u00bb<\/em>. Pas \u00e9tonnant que Patrick Mboma, qui aurait la charge du d\u00e9veloppement du football africain, arrive quand le projet d\u2019une Super League africaine des clubs est en pleine \u00e9tude.<\/p>\n<p style=\"font-weight: 400; text-align: justify;\">Le meilleur joueur africain 2000 a son id\u00e9e en t\u00eate pour d\u00e9velopper le football africain. Pour lui, l\u2019Afrique gagnerait \u00e0 s\u2019inspirer du mod\u00e8le nord-am\u00e9ricain.\u00a0<em>\u00ab Lorsque je pense sport business, mes yeux et mes pens\u00e9es sont tout de suite tourn\u00e9s vers l&rsquo;Am\u00e9rique du Nord et plus particuli\u00e8rement les Etats-Unis. Les Am\u00e9ricains ont une fa\u00e7on de concevoir et de faire fructifier le business du sport avec une strat\u00e9gie propre et in\u00e9gal\u00e9e. L&rsquo;une des premi\u00e8res consid\u00e9rations par rapport au d\u00e9veloppement des activit\u00e9s sportives est peut-\u00eatre tout simplement l&rsquo;adaptation \u00e0 l&rsquo;environnement local, prenant en compte notamment les notions de temps et d&rsquo;espace \u00bb<\/em>, explique-t-il.<\/p>\n<p style=\"font-weight: 400; text-align: justify;\"><em>\u00ab Sans nous attarder dans une description prolixe, de nombreuses raisons (identitaires, politiques, \u00e9conomiques, soci\u00e9tales) expliquent \u00e0 elles seules pourquoi un tr\u00e8s couru Tour du Faso en cyclisme, voire le CHAN (Championnat d&rsquo;Afrique des nations) en football sont bien moins prolifiques et attirent moins de foules que nombre de comp\u00e9titions universitaires aux USA ou en Europe&#8230; La gymnaste Simone Biles ou le nageur Michael Phelps engrangent individuellement plus de sommes avec des sports dits mineurs que des clubs de football comme Al Ahly (Egypte), le TP Mazembe (RDC) ou les Mamelodi Sundowns (Afrique du Sud), tous vainqueurs de la Ligue des champions de la CAF \u00bb<\/em>, ajoute l\u2019ex-Lion indomptable.<\/p>\n<p style=\"font-weight: 400; text-align: justify;\">Patrick Mboma, qui s\u2019est souvent montr\u00e9 tr\u00e8s critique vis-\u00e0-vis du mode de fonctionnement de la F\u00e9d\u00e9ration camerounaise de football et par extension de la CAF, sera d\u00e9sormais jug\u00e9 sur ses actes. Aura-t-il suffisamment de caract\u00e8re pour mettre en pratique ses projets, dans une institution qui fonctionne d\u00e9sormais depuis l\u2019\u00e8re Ahmad Ahmad comme un simple bureau de la Fifa ? Rien n\u2019est moins s\u00fbr.<\/p>\n<p>Cet article <a rel=\"nofollow\" href=\"https:\/\/www.journalducameroun.com\/cameroun-patrick-mboma-pressenti-au-poste-de-secretaire-general-adjoint-de-la-caf-exclusivite\/\">Cameroun : Patrick Mboma pressenti au poste de secr\u00e9taire g\u00e9n\u00e9ral adjoint de la CAF (exclusivit\u00e9)<\/a> est apparu en premier sur <a rel=\"nofollow\" href=\"https:\/\/www.journalducameroun.com\/\">Journal du Cameroun<\/a>.<\/p>\n<\/div>\n<p>Auteur: Christian DJIMADEU<br \/>\n<a href=\"https:\/\/www.journalducameroun.com\/cameroun-patrick-mboma-pressenti-au-poste-de-secretaire-general-adjoint-de-la-caf-exclusivite\/\">Cliquez ici pour lire l&rsquo;article depuis sa source.<\/a><\/p>\n","protected":false},"excerpt":{"rendered":"<p>L\u2019instance fa\u00eeti\u00e8re du football africain est \u00e0 la recherche du successeur d\u2019Anthony Baffoe, d\u00e9missionnaire \u00e0 ce poste. Le profil de l\u2019ex-gloire camerounaise Patrick Mboma, qui poss\u00e8de un MBA en sport et management et administration du football, est en \u00e9valuation \u00e0 la CAF. Patrick Mboma, 50 ans, consultant \u00e0 la cha\u00eene crypt\u00e9e Canal+, va vraisemblablement changer [&hellip;]<\/p>\n","protected":false},"author":1965,"featured_media":0,"comment_status":"closed","ping_status":"closed","sticky":false,"template":"","format":"standard","meta":{"fifu_image_url":"https:\/\/www.journalducameroun.com\/wp-content\/uploads\/2021\/07\/1625403370749_1625403367407_Patrick-MBOMA.jpg","fifu_image_alt":"Cameroun : Patrick Mboma pressenti au poste de secr\u00e9taire g\u00e9n\u00e9ral adjoint de la CAF (exclusivit\u00e9)","footnotes":""},"categories":[73,82],"tags":[],"class_list":["post-120375","post","type-post","status-publish","format-standard","hentry","category-actualite","category-cameroun"],"_links":{"self":[{"href":"https:\/\/linitiative.ca\/International\/wp-json\/wp\/v2\/posts\/120375","targetHints":{"allow":["GET"]}}],"collection":[{"href":"https:\/\/linitiative.ca\/International\/wp-json\/wp\/v2\/posts"}],"about":[{"href":"https:\/\/linitiative.ca\/International\/wp-json\/wp\/v2\/types\/post"}],"author":[{"embeddable":true,"href":"https:\/\/linitiative.ca\/International\/wp-json\/wp\/v2\/users\/1965"}],"replies":[{"embeddable":true,"href":"https:\/\/linitiative.ca\/International\/wp-json\/wp\/v2\/comments?post=120375"}],"version-history":[{"count":0,"href":"https:\/\/linitiative.ca\/International\/wp-json\/wp\/v2\/posts\/120375\/revisions"}],"wp:attachment":[{"href":"https:\/\/linitiative.ca\/International\/wp-json\/wp\/v2\/media?parent=120375"}],"wp:term":[{"taxonomy":"category","embeddable":true,"href":"https:\/\/linitiative.ca\/International\/wp-json\/wp\/v2\/categories?post=120375"},{"taxonomy":"post_tag","embeddable":true,"href":"https:\/\/linitiative.ca\/International\/wp-json\/wp\/v2\/tags?post=120375"}],"curies":[{"name":"wp","href":"https:\/\/api.w.org\/{rel}","templated":true}]}}