{"id":120379,"date":"2021-07-04T14:19:18","date_gmt":"2021-07-04T18:19:18","guid":{"rendered":"https:\/\/linitiative.ca\/International\/diplomatie-le-cameroun-ouvrira-bientot-une-ambassade-en-coree-du-sud\/"},"modified":"2021-07-04T14:19:18","modified_gmt":"2021-07-04T18:19:18","slug":"diplomatie-le-cameroun-ouvrira-bientot-une-ambassade-en-coree-du-sud","status":"publish","type":"post","link":"https:\/\/linitiative.ca\/International\/diplomatie-le-cameroun-ouvrira-bientot-une-ambassade-en-coree-du-sud\/","title":{"rendered":"Diplomatie\u00a0: le Cameroun ouvrira\u00a0\u00a0bient\u00f4t une ambassade en Cor\u00e9e du Sud"},"content":{"rendered":"<div>\n<p><img loading=\"lazy\" decoding=\"async\" width=\"850\" height=\"400\" src=\"https:\/\/linitiative.ca\/International\/wp-content\/uploads\/sites\/23\/2021\/07\/Jonghan-Kim-et-Lejeune-Mbella-Mbella-lors-de-lentretien.jpg\" class=\"attachment-post-thumbnail size-post-thumbnail wp-post-image\" alt=\"\" srcset=\"https:\/\/linitiative.ca\/International\/wp-content\/uploads\/sites\/23\/2021\/07\/Jonghan-Kim-et-Lejeune-Mbella-Mbella-lors-de-lentretien.jpg 850w, https:\/\/www.journalducameroun.com\/wp-content\/uploads\/2021\/07\/Jonghan-Kim-et-Lejeune-Mbella-Mbella-lors-de-lentretien-300x141.jpg 300w, https:\/\/www.journalducameroun.com\/wp-content\/uploads\/2021\/07\/Jonghan-Kim-et-Lejeune-Mbella-Mbella-lors-de-lentretien-768x361.jpg 768w, https:\/\/www.journalducameroun.com\/wp-content\/uploads\/2021\/07\/Jonghan-Kim-et-Lejeune-Mbella-Mbella-lors-de-lentretien-600x282.jpg 600w\" sizes=\"auto, (max-width: 850px) 100vw, 850px\"><\/p>\n<p style=\"font-weight: 400;\"><strong>C\u2019est ce qui ressort de l\u2019audience accord\u00e9e jeudi dernier par le ministre des Relations ext\u00e9rieures, Lejeune Mbella Mbella, \u00e0 l\u2019ambassadeur cor\u00e9en \u00e0 Yaound\u00e9, Jonghan Kim.<\/strong><\/p>\n<p>\u00a0<\/p>\n<p style=\"font-weight: 400;\">Le Cameroun op\u00e8re\u00a0\u00a0une nouvelle offensive diplomatique en direction de la Cor\u00e9e du Sud. Selon une information de Cameroon tribune, apr\u00e8s son entretien avec le Minrex, le diplomate sud-cor\u00e9en s\u2019est dit heureux de cette nouvelle qui marque un tournant d\u00e9cisif dans les rapports entre son pays et le Cameroun. Jonghan Kim a promis, face \u00e0 la presse, de tout mettre en \u0153uvre pour acc\u00e9l\u00e9rer la proc\u00e9dure enclench\u00e9e par la partie camerounaise. \u00ab\u00a0Cette d\u00e9cision (prise par le pr\u00e9sident de la R\u00e9publique Paul Biya) tombe au bon moment, et je suis tr\u00e8s content\u00a0\u00bb, a-t-il indiqu\u00e9 \u00e0 cet effet.<\/p>\n<p style=\"font-weight: 400;\">D\u00e9j\u00e0 tr\u00e8s \u00e9troites et fructueuses, les relations entre le Cameroun et la R\u00e9publique de Cor\u00e9e du Sud vont davantage se renforcer dans les mois qui viennent avec \u00e9volution. Le timing de l\u2019annonce est bien choisi puisqu\u2019elle survient au moment o\u00f9 le Cameroun et la Cor\u00e9e du Sud c\u00e9l\u00e8brent cette ann\u00e9e le soixanti\u00e8me anniversaire de leurs relations diplomatiques. Les manifestations li\u00e9es \u00e0 cette comm\u00e9moration ont aussi meubl\u00e9 les \u00e9changes entre les deux personnalit\u00e9s.<\/p>\n<p style=\"font-weight: 400;\">En attendant un chronogramme officiel des festivit\u00e9s, le diplomate a annonc\u00e9 que celles-ci allaient toucher, notamment, les domaines politique, \u00e9conomique et culturel. Ce sera \u00e9galement l\u2019occasion de faire le bilan des retomb\u00e9es\u00a0\u00a0de la relation entre les deux pays et de se projeter sur les d\u00e9fis qui interpellent chaque Etat.<\/p>\n<p style=\"font-weight: 400;\">A ce propos Jonghan Kim a d\u00e9j\u00e0 une id\u00e9e de ce que vont devenir ces relations. D\u2019apr\u00e8s le diplomate, il est question pour son pays d\u2019\u00eatre encore plus aux c\u00f4t\u00e9s du Cameroun pour l\u2019accompagner \u00e0 divers niveaux dans son projet d\u2019\u00e9mergence. La Cor\u00e9e envisage ainsi un renforcement de la coop\u00e9ration \u00e9conomique et une plus grande implication dans le secteur de l\u2019agro-industrie pour acc\u00e9l\u00e9rer le d\u00e9veloppement.<\/p>\n<p>Cet article <a rel=\"nofollow\" href=\"https:\/\/www.journalducameroun.com\/diplomatie-le-cameroun-ouvrira-bientot-une-ambassade-en-coree-du-sud\/\">Diplomatie\u00a0: le Cameroun ouvrira\u00a0\u00a0bient\u00f4t une ambassade en Cor\u00e9e du Sud<\/a> est apparu en premier sur <a rel=\"nofollow\" href=\"https:\/\/www.journalducameroun.com\/\">Journal du Cameroun<\/a>.<\/p>\n<\/div>\n<p>Auteur: Christian DJIMADEU<br \/>\n<a href=\"https:\/\/www.journalducameroun.com\/diplomatie-le-cameroun-ouvrira-bientot-une-ambassade-en-coree-du-sud\/\">Cliquez ici pour lire l&rsquo;article depuis sa source.<\/a><\/p>\n","protected":false},"excerpt":{"rendered":"<p>C\u2019est ce qui ressort de l\u2019audience accord\u00e9e jeudi dernier par le ministre des Relations ext\u00e9rieures, Lejeune Mbella Mbella, \u00e0 l\u2019ambassadeur cor\u00e9en \u00e0 Yaound\u00e9, Jonghan Kim. \u00a0 Le Cameroun op\u00e8re\u00a0\u00a0une nouvelle offensive diplomatique en direction de la Cor\u00e9e du Sud. Selon une information de Cameroon tribune, apr\u00e8s son entretien avec le Minrex, le diplomate sud-cor\u00e9en s\u2019est [&hellip;]<\/p>\n","protected":false},"author":1965,"featured_media":0,"comment_status":"closed","ping_status":"closed","sticky":false,"template":"","format":"standard","meta":{"fifu_image_url":"https:\/\/www.journalducameroun.com\/wp-content\/uploads\/2021\/07\/Jonghan-Kim-et-Lejeune-Mbella-Mbella-lors-de-lentretien.jpg","fifu_image_alt":"Diplomatie\u00a0: le Cameroun ouvrira\u00a0\u00a0bient\u00f4t une ambassade en Cor\u00e9e du Sud","footnotes":""},"categories":[73,82],"tags":[],"class_list":["post-120379","post","type-post","status-publish","format-standard","hentry","category-actualite","category-cameroun"],"_links":{"self":[{"href":"https:\/\/linitiative.ca\/International\/wp-json\/wp\/v2\/posts\/120379","targetHints":{"allow":["GET"]}}],"collection":[{"href":"https:\/\/linitiative.ca\/International\/wp-json\/wp\/v2\/posts"}],"about":[{"href":"https:\/\/linitiative.ca\/International\/wp-json\/wp\/v2\/types\/post"}],"author":[{"embeddable":true,"href":"https:\/\/linitiative.ca\/International\/wp-json\/wp\/v2\/users\/1965"}],"replies":[{"embeddable":true,"href":"https:\/\/linitiative.ca\/International\/wp-json\/wp\/v2\/comments?post=120379"}],"version-history":[{"count":0,"href":"https:\/\/linitiative.ca\/International\/wp-json\/wp\/v2\/posts\/120379\/revisions"}],"wp:attachment":[{"href":"https:\/\/linitiative.ca\/International\/wp-json\/wp\/v2\/media?parent=120379"}],"wp:term":[{"taxonomy":"category","embeddable":true,"href":"https:\/\/linitiative.ca\/International\/wp-json\/wp\/v2\/categories?post=120379"},{"taxonomy":"post_tag","embeddable":true,"href":"https:\/\/linitiative.ca\/International\/wp-json\/wp\/v2\/tags?post=120379"}],"curies":[{"name":"wp","href":"https:\/\/api.w.org\/{rel}","templated":true}]}}