{"id":120381,"date":"2021-07-04T12:03:40","date_gmt":"2021-07-04T16:03:40","guid":{"rendered":"https:\/\/linitiative.ca\/International\/eau-et-assainissement-le-calvaire-des-populations-de-lest\/"},"modified":"2021-07-04T12:03:40","modified_gmt":"2021-07-04T16:03:40","slug":"eau-et-assainissement-le-calvaire-des-populations-de-lest","status":"publish","type":"post","link":"https:\/\/linitiative.ca\/International\/eau-et-assainissement-le-calvaire-des-populations-de-lest\/","title":{"rendered":"Eau et assainissement : le calvaire des populations de l\u2019Est"},"content":{"rendered":"<div><div data-elementor-type=\"wp-post\" data-elementor-id=\"28328\" class=\"elementor elementor-28328\" data-elementor-settings=\"[]\">\n\t\t\t\t\t\t<div class=\"elementor-inner\">\n\t\t\t\t\t\t\t<div class=\"elementor-section-wrap\">\n\t\t\t\t\t\t\t<section class=\"has_ae_slider elementor-section elementor-top-section elementor-element elementor-element-7d2c3090 elementor-section-boxed elementor-section-height-default elementor-section-height-default ae-bg-gallery-type-default\" data-particle_enable=\"false\" data-particle-mobile-disabled=\"false\" data-id=\"7d2c3090\" data-element_type=\"section\" data-settings='{\"ekit_has_onepagescroll_dot\":\"yes\"}'>\n\t\t\t\t\t\t<div class=\"elementor-container elementor-column-gap-default\">\n\t\t\t\t\t\t\t<div class=\"elementor-row\">\n\t\t\t\t\t<div class=\"has_ae_slider elementor-column elementor-col-100 elementor-top-column elementor-element elementor-element-49c45327 ae-bg-gallery-type-default\" data-id=\"49c45327\" data-element_type=\"column\">\n\t\t\t<div class=\"elementor-column-wrap elementor-element-populated\">\n\t\t\t\t\t\t\t<div class=\"elementor-widget-wrap\">\n\t\t\t\t\t\t<div class=\"elementor-element elementor-element-51ca4114 elementor-widget elementor-widget-text-editor\" data-id=\"51ca4114\" data-element_type=\"widget\" data-settings='{\"ekit_we_effect_on\":\"none\"}' data-widget_type=\"text-editor.default\">\n\t\t\t\t<div class=\"elementor-widget-container\">\n\t\t\t\t\t<div class=\"elementor-text-editor elementor-clearfix\">\n<p>L\u2019eau potable est devenue un luxe pour les populations de plusieurs quartiers de la ville de Bertoua, chef-lieu de la r\u00e9gion de l\u2019Est. A l\u2019\u00e9cole maternelle bilingue d\u2019application, situ\u00e9 au quartier Ekombiti\u00e9 en plein c\u0153ur de la ville, aucun point d\u2019eau potable n\u2019existe pour pr\u00e8s de 200 enfants inscrits cette ann\u00e9e scolaire 2020-2021 qui s\u2019ach\u00e8ve.\u00a0\u00ab\u00a0Nous profitons juste de la proximit\u00e9 avec l\u2019\u00e9cole publique bilingue d\u2019application pour trouver un peu d\u2019eau chaque jour pour les besoins de ces tout petit\u00a0\u00bb, explique Madeline Meba, directrice.\u00a0\u00a0L\u2019Ecole catholique St Augustin situ\u00e9e dans le m\u00eame quartier et cr\u00e9\u00e9e en 1989 n\u2019est pas \u00e9pargn\u00e9e. Le directeur de la section francophone, Pierre Minang affirme que l\u2019\u00e9tablissement dispose d\u2019un point d\u2019eau qui est s\u00e9rieusement affect\u00e9 par les odeurs naus\u00e9abondes en provenance des eaux us\u00e9es de la prison centrale de Bertoua qui partage la barri\u00e8re avec l\u2019\u00e9tablissement. Selon les statistiques sur la situation d\u2019acc\u00e8s \u00e0 l\u2019eau potable et assainissement pr\u00e9sent\u00e9es par Marius Sotto, Point focal nutrition \u00e0 la d\u00e9l\u00e9gation r\u00e9gionale de la sant\u00e9 publique \u00ab plus de 30% de la population de l\u2019Est n\u2019a pas acc\u00e8s \u00e0 l\u2019eau potable. La situation est plus grave dans les \u00e9coles primaires o\u00f9 seulement 26% des \u00e9tablissements disposent d\u2019un\u00a0 point d\u2019eau selon les statistiques 2018 de la carte scolaire r\u00e9gionale\u00a0\u00bb.<\/p>\n\n\n\n<p><strong>Lire aussi<\/strong> : <strong><a href=\"https:\/\/ecomatin.net\/communaute-urbaine-de-bertoua-le-budgett-2021-affiche-un-tauxx-dexecution-de-1654\/\">Communaut\u00e9 urbaine de Bertoua : le budget 2021 affiche un taux d\u2019ex\u00e9cution de 16,54%<\/a><\/strong><\/p>\n\n\n\n<p>A l\u2019origine de cette carence, sur 33 unit\u00e9s administratives de l\u2019Est, seulement 5 sont approvisionn\u00e9es en eau potable par la Cameroon water utilities(Camwater). Le bras s\u00e9culier de l\u2019Etat en mati\u00e8re de production et de distribution de l\u2019eau potable n\u2019approvisionne pour l\u2019instant que les villes de Bertoua et Belabo dans le d\u00e9partement du Lom-et-Djerem, Batouri, dans la Kadey, Abong-Mbang dans le Haut-Nyong et Yokadouma dans la Boumba et Ngoko. Dans les 28 autres unit\u00e9s, c\u2019est le sauve qui peut au quotidien. \u00ab\u00a0Quand on rentre de l\u2019\u00e9cole, le premier r\u00e9flexe est d\u2019aller \u00e0 la source puiser de l\u2019eau\u00a0\u00bb, explique un jeune \u00e9l\u00e8ve \u00e0 Abong-Mbang qui pr\u00e9cise que \u00ab\u00a0m\u00eame quand on se r\u00e9veille \u00e0 4 heures du matin on va toujours trouver de longues files\u00a0\u00e0 la source\u00bb. M\u00eame, les rares villes qui b\u00e9n\u00e9ficient des installations de la Camwater selon les sources techniques de cette entreprise ne sont ravitaill\u00e9es en eau potable qu\u2019\u00e0 hauteur de 40%. Au niveau de Bertoua, la qualit\u00e9 d\u2019eau servie surtout en saison s\u00e8che laisse \u00e0 d\u00e9sirer<em>.\u00a0<\/em>Dans des localit\u00e9s frontali\u00e8res qui ont accueilli des milliers de refugi\u00e9s centrafricains comme Garoua-Boula\u00ef, K\u00e9tt\u00e9, Kentzou, la situation de l\u2019eau potable est tr\u00e8s pr\u00e9occupante avec des risques de recrudescence des maladies hydriques (cholera, diarrh\u00e9e) selon les experts en sant\u00e9 publique.<\/p>\n\n\n\n<p><strong>V\u00e9tust\u00e9 des installations<\/strong><\/p>\n\n\n\n<p>La p\u00e9nurie d\u2019eau observ\u00e9e est le r\u00e9sultat de la v\u00e9tust\u00e9 des installations que la Camwater a h\u00e9rit\u00e9 de la d\u00e9funte soci\u00e9t\u00e9 nationale de l\u2019eau du Cameroun (Snec) et la croissance g\u00e9om\u00e9trique de la population. Ces installations d\u2019exploitation fonctionnent depuis 1975 pour la station de Bertoua, 1985 pour celle d\u2019Abong-Mbang, et depuis 1988 pour les stations de Belabo, Batouri et Yokadouma. De l\u2019autre c\u00f4t\u00e9, une importante franche de la population et les \u00e9coles primaires ne disposent pas des latrines am\u00e9lior\u00e9es. Selon les statistiques de la carte scolaire 2018, \u00ab\u00a0seulement 38% d\u2019\u00e9coles disposent de latrine\u00a0\u00bb<em>.<\/em>\u00a0L\u2019enqu\u00eate MICS 2014 quant \u00e0 elle affirme que \u00ab\u00a08% des personnes pratiquent la d\u00e9f\u00e9cation \u00e0 l\u2019aire libre\u00a0\u00e0 l\u2019Est\u00bb.\u00a0\u00a0<\/p>\n<\/div>\n\t\t\t\t<\/div>\n\t\t\t\t<\/div>\n\t\t\t\t\t\t<\/div>\n\t\t\t\t\t<\/div>\n\t\t<\/div>\n\t\t\t\t\t\t\t\t<\/div>\n\t\t\t\t\t<\/div>\n\t\t<\/section>\n\t\t\t\t<section class=\"has_ae_slider elementor-section elementor-top-section elementor-element elementor-element-8fac7d0 elementor-section-boxed elementor-section-height-default elementor-section-height-default ae-bg-gallery-type-default\" data-particle_enable=\"false\" data-particle-mobile-disabled=\"false\" data-id=\"8fac7d0\" data-element_type=\"section\" data-settings='{\"background_background\":\"classic\",\"ekit_has_onepagescroll_dot\":\"yes\"}'>\n\t\t\t\t\t\t<div class=\"elementor-container elementor-column-gap-default\">\n\t\t\t\t\t\t\t<div class=\"elementor-row\">\n\t\t\t\t\t<div class=\"has_ae_slider elementor-column elementor-col-100 elementor-top-column elementor-element elementor-element-be3e76f ae-bg-gallery-type-default\" data-id=\"be3e76f\" data-element_type=\"column\">\n\t\t\t<div class=\"elementor-column-wrap elementor-element-populated\">\n\t\t\t\t\t\t\t<div class=\"elementor-widget-wrap\">\n\t\t\t\t\t\t<div class=\"elementor-element elementor-element-34c166b elementor-widget elementor-widget-heading\" data-id=\"34c166b\" data-element_type=\"widget\" data-settings='{\"ekit_we_effect_on\":\"none\"}' data-widget_type=\"heading.default\">\n\t\t\t\t<div class=\"elementor-widget-container\">\n\t\t\t<h3 class=\"elementor-heading-title elementor-size-default\">Les projets de Camwater <\/h3>\t\t<\/div>\n\t\t\t\t<\/div>\n\t\t\t\t<section class=\"has_ae_slider elementor-section elementor-inner-section elementor-element elementor-element-3573cac elementor-section-boxed elementor-section-height-default elementor-section-height-default ae-bg-gallery-type-default\" data-particle_enable=\"false\" data-particle-mobile-disabled=\"false\" data-id=\"3573cac\" data-element_type=\"section\" data-settings='{\"ekit_has_onepagescroll_dot\":\"yes\"}'>\n\t\t\t\t\t\t<div class=\"elementor-container elementor-column-gap-default\">\n\t\t\t\t\t\t\t<div class=\"elementor-row\">\n\t\t\t\t\t<div class=\"has_ae_slider elementor-column elementor-col-50 elementor-inner-column elementor-element elementor-element-6e8a671 ae-bg-gallery-type-default\" data-id=\"6e8a671\" data-element_type=\"column\">\n\t\t\t<div class=\"elementor-column-wrap elementor-element-populated\">\n\t\t\t\t\t\t\t<div class=\"elementor-widget-wrap\">\n\t\t\t\t\t\t<div class=\"elementor-element elementor-element-626f41c elementor-widget elementor-widget-text-editor\" data-id=\"626f41c\" data-element_type=\"widget\" data-settings='{\"ekit_we_effect_on\":\"none\"}' data-widget_type=\"text-editor.default\">\n\t\t\t\t<div class=\"elementor-widget-container\">\n\t\t\t\t\t<div class=\"elementor-text-editor elementor-clearfix\"><p>\u00ab\u00a0Nous avons trop des difficult\u00e9s pour avoir acc\u00e8s \u00e0 l\u2019eau dans la ville de Bertoua. Quand je vois les chantiers de construction des ch\u00e2teaux d\u2019eau en cours, j\u2019ai l\u2019espoir que nous aurions bient\u00f4t\u00a0\u00a0acc\u00e8s r\u00e9guli\u00e8re l\u2019eau potable\u00a0\u00bb.\u00a0\u00a0Ces propos sont de Marthe Ebene rencontr\u00e9e au cours de cette enqu\u00eate \u00e0 Bertoua, une ville qui fait face aux probl\u00e8mes d\u2019approvisionnement en eau potable. Mais cette p\u00e9nurie observ\u00e9e jusqu\u2019\u00e0 l\u00e0 sera un triste souvenir pour certaines localit\u00e9s de la r\u00e9gion. Depuis quelque temps, l\u2019actuel top management de Cameroon Water utilities (Camwater) a entrepris des investissements dans des grands projets d\u2019adduction en eau potable dans quelques localit\u00e9s. A Dimako dans le d\u00e9partement du Haut-Nyong, le projet concerne, la construction d\u2019un syst\u00e8me de captage sur une retenue d\u2019eau avec local technique \u00e9quip\u00e9 d\u2019un syst\u00e8me de pompage de 1+1 (30m3\/h chacune), la construction d\u2019une station de traitement de 600 M3\/j (20h de fonctionnement) constitu\u00e9e d\u2019un syst\u00e8me de floculateur-d\u00e9canteur-filtre autonettoyant), la construction d\u2019une b\u00e2che d\u2019eau trait\u00e9e de 70 m3, la construction d\u2019un b\u00e2timent technique pour le dosage des r\u00e9actifs et la salle des machines.<\/p><\/div>\n\t\t\t\t<\/div>\n\t\t\t\t<\/div>\n\t\t\t\t\t\t<\/div>\n\t\t\t\t\t<\/div>\n\t\t<\/div>\n\t\t\t\t<div class=\"has_ae_slider elementor-column elementor-col-50 elementor-inner-column elementor-element elementor-element-d213a16 ae-bg-gallery-type-default\" data-id=\"d213a16\" data-element_type=\"column\">\n\t\t\t<div class=\"elementor-column-wrap elementor-element-populated\">\n\t\t\t\t\t\t\t<div class=\"elementor-widget-wrap\">\n\t\t\t\t\t\t<div class=\"elementor-element elementor-element-284605d elementor-widget elementor-widget-text-editor\" data-id=\"284605d\" data-element_type=\"widget\" data-settings='{\"ekit_we_effect_on\":\"none\"}' data-widget_type=\"text-editor.default\">\n\t\t\t\t<div class=\"elementor-widget-container\">\n\t\t\t\t\t<div class=\"elementor-text-editor elementor-clearfix\"><p>Tout comme la construction d\u2019un ch\u00e2teau de 200 M3 d\u2019eau avec un b\u00e2timent administratif. Dans cette localit\u00e9,\u00a0\u00a0les travaux sont achev\u00e9s. A Lomi\u00e9 toujours dans le Haut-Nyong, le projet concerne, la construction d\u2019un syst\u00e8me de captage sur la rivi\u00e8re Lomi\u00e9, avec local technique \u00e9quip\u00e9 d\u2019un syst\u00e8me de pompage 1+1 (60 M3\/h chacune), la construction d\u2019une station de traitement de 1200 M3\/j (20h de fonctionnement, constitu\u00e9e d\u2019un syst\u00e8me de d\u00e9ssableur-d\u00e9canteur-filtre autonettoyant), la construction d\u2019une b\u00e2che d\u2019eau trait\u00e9e de 120 M3, la construction d\u2019un b\u00e2timent technique pour le dosage des r\u00e9actifs et la salle des machines. Ici, les travaux sont aussi presqu\u2019\u00e0 terme. Au niveau de Bertoua, chef-lieu de la r\u00e9gion, les travaux de r\u00e9habilitation, de renforcement et extension du syst\u00e8me d\u2019alimentation en eau potable dans la ville sont en cours.<\/p><\/div>\n\t\t\t\t<\/div>\n\t\t\t\t<\/div>\n\t\t\t\t\t\t<\/div>\n\t\t\t\t\t<\/div>\n\t\t<\/div>\n\t\t\t\t\t\t\t\t<\/div>\n\t\t\t\t\t<\/div>\n\t\t<\/section>\n\t\t\t\t\t\t<\/div>\n\t\t\t\t\t<\/div>\n\t\t<\/div>\n\t\t\t\t\t\t\t\t<\/div>\n\t\t\t\t\t<\/div>\n\t\t<\/section>\n\t\t\t\t\t\t<\/div>\n\t\t\t\t\t\t<\/div>\n\t\t\t\t\t<\/div>\n\t\t<p>L\u2019article <a rel=\"nofollow\" href=\"https:\/\/ecomatin.net\/eau-et-assainissementt-le-calvaire-dess-populationss-de-lest\/\">Eau et assainissement : le calvaire des populations de l\u2019Est<\/a> est apparu en premier sur <a rel=\"nofollow\" href=\"https:\/\/ecomatin.net\/\">EcoMatin<\/a>.<\/p><\/div>\r\nAuteur: EcoMatin\r\n<a href=\"https:\/\/ecomatin.net\/eau-et-assainissementt-le-calvaire-dess-populationss-de-lest\/\">Cliquez ici pour lire l&rsquo;article depuis sa source.<\/a><br \/>","protected":false},"excerpt":{"rendered":"<p>L\u2019eau potable est devenue un luxe pour les populations de plusieurs quartiers de la ville de Bertoua, chef-lieu de la r\u00e9gion de l\u2019Est. A l\u2019\u00e9cole maternelle bilingue d\u2019application, situ\u00e9 au quartier Ekombiti\u00e9 en plein c\u0153ur de la ville, aucun point d\u2019eau potable n\u2019existe pour pr\u00e8s de 200 enfants inscrits cette ann\u00e9e scolaire 2020-2021 qui s\u2019ach\u00e8ve.\u00a0\u00ab\u00a0Nous [&hellip;]<\/p>\n","protected":false},"author":1969,"featured_media":0,"comment_status":"closed","ping_status":"closed","sticky":false,"template":"","format":"standard","meta":{"fifu_image_url":"","fifu_image_alt":"","footnotes":""},"categories":[82,78],"tags":[],"class_list":["post-120381","post","type-post","status-publish","format-standard","hentry","category-cameroun","category-economie"],"_links":{"self":[{"href":"https:\/\/linitiative.ca\/International\/wp-json\/wp\/v2\/posts\/120381","targetHints":{"allow":["GET"]}}],"collection":[{"href":"https:\/\/linitiative.ca\/International\/wp-json\/wp\/v2\/posts"}],"about":[{"href":"https:\/\/linitiative.ca\/International\/wp-json\/wp\/v2\/types\/post"}],"author":[{"embeddable":true,"href":"https:\/\/linitiative.ca\/International\/wp-json\/wp\/v2\/users\/1969"}],"replies":[{"embeddable":true,"href":"https:\/\/linitiative.ca\/International\/wp-json\/wp\/v2\/comments?post=120381"}],"version-history":[{"count":0,"href":"https:\/\/linitiative.ca\/International\/wp-json\/wp\/v2\/posts\/120381\/revisions"}],"wp:attachment":[{"href":"https:\/\/linitiative.ca\/International\/wp-json\/wp\/v2\/media?parent=120381"}],"wp:term":[{"taxonomy":"category","embeddable":true,"href":"https:\/\/linitiative.ca\/International\/wp-json\/wp\/v2\/categories?post=120381"},{"taxonomy":"post_tag","embeddable":true,"href":"https:\/\/linitiative.ca\/International\/wp-json\/wp\/v2\/tags?post=120381"}],"curies":[{"name":"wp","href":"https:\/\/api.w.org\/{rel}","templated":true}]}}